{"id":999,"date":"2019-04-15T12:49:26","date_gmt":"2019-04-15T11:49:26","guid":{"rendered":"http:\/\/consuladobarcelona.gob.ve\/webalterna\/?p=999"},"modified":"2019-04-16T08:44:44","modified_gmt":"2019-04-16T07:44:44","slug":"parlem-de-venecuela-lultima-actividad-de-la-plataforma-catalana-de-solidaridad-con-venezuela","status":"publish","type":"post","link":"https:\/\/consuladobarcelona.gob.ve\/webalterna\/parlem-de-venecuela-lultima-actividad-de-la-plataforma-catalana-de-solidaridad-con-venezuela\/","title":{"rendered":"Plataforma catalana de solidaridad con Venezuela suma unas 30 actividades, la ultima en Sallent"},"content":{"rendered":"<p>Durante el ultimo mes y medio, la Plataforma Catalana de Solidaridad con Venezuela promovi\u00f3 y particip\u00f3 a unas 30 actividades en respaldo a la lucha del pueblo venezolano contra el golpe de estado en marcha en el pa\u00eds. La ultima fue \u00abParlem de Vene\u00e7uela\u00bb, el pasado viernes 12 de marzo en el Ateneu Popular Rocads de la localidad de Sallent, en la provincia de Barcelona: una charla para informar y debatir sobre la actualidad del pa\u00eds latinoamericano, a la que participaron como ponentes el C\u00f3nsul adjunto de Venezuela en Barcelona, Carlos Figuiera, y Arnau Carn\u00e9, militante de la asociaci\u00f3n internacionalista Itaca.<\/p>\n<p>Carn\u00e9 ofreci\u00f3 un detallado contexto de la escalada imperialista contra la naci\u00f3n bolivariana: una agresi\u00f3n m\u00e1s de Estados Unidos y sus aliados que se suma a las de Iraq, Libia, Siria y que tiene como \u00fanica finalidad obtener ventajas geopoliticas y econ\u00f3micas. Por su parte, el C\u00f3nsul Figueira denunci\u00f3 el bloqueo econ\u00f3mico y financiero contra Venezuela que, afirm\u00f3, constituye un crimen de lesa humanidad contra el pueblo venezolano, en pleno desconocimiento del derecho internacional y la Carta de las Naciones Unidas. De acuerdo con el diplom\u00e1tico, lo que se est\u00e1 dando en Venezuela es a todos los efectos un golpe de estado continuado dirigido por Washington, con el objetivo de acabar con la Revoluci\u00f3n Bolivariana y tomar el control de las inmensas riquezas del pa\u00eds.<\/p>\n<p>Muchas las preguntas del publico presente en el acto, interesado en conocer la verdad de Venezuela m\u00e1s all\u00e1 de lo que difunden la prensa espa\u00f1ola y los grandes medios de comunicaci\u00f3n.<\/p>\n<p align=\"justify\">La Plataforma Catalana de Solidaridad con Venezuela cuenta con unas treinta entidades de Catalu\u00f1a, comprometidas en defender la Paz y la Soberan\u00eda de la naci\u00f3n bolivariana, entre grupos de solidaridad e internacionalistas, partidos pol\u00edticos, sindicatos, movimientos sociales e intelectuales.<\/p>\n<p>&nbsp;<\/p>\n","protected":false},"excerpt":{"rendered":"<p>Durante el ultimo mes y medio, la Plataforma Catalana de Solidaridad con Venezuela promovi\u00f3 y particip\u00f3 a unas 30 actividades en respaldo a la lucha del pueblo venezolano contra el golpe de estado en marcha en el pa\u00eds. La ultima fue \u00abParlem de Vene\u00e7uela\u00bb, el pasado viernes 12 de marzo en el Ateneu Popular Rocads\u2026 <span class=\"read-more\"><a href=\"https:\/\/consuladobarcelona.gob.ve\/webalterna\/parlem-de-venecuela-lultima-actividad-de-la-plataforma-catalana-de-solidaridad-con-venezuela\/\">Leer m\u00e1s &raquo;<\/a><\/span><\/p>\n","protected":false},"author":3,"featured_media":1000,"comment_status":"closed","ping_status":"closed","sticky":false,"template":"","format":"standard","meta":{"footnotes":""},"categories":[5],"tags":[],"class_list":["post-999","post","type-post","status-publish","format-standard","has-post-thumbnail","hentry","category-noticias"],"_links":{"self":[{"href":"https:\/\/consuladobarcelona.gob.ve\/webalterna\/wp-json\/wp\/v2\/posts\/999","targetHints":{"allow":["GET"]}}],"collection":[{"href":"https:\/\/consuladobarcelona.gob.ve\/webalterna\/wp-json\/wp\/v2\/posts"}],"about":[{"href":"https:\/\/consuladobarcelona.gob.ve\/webalterna\/wp-json\/wp\/v2\/types\/post"}],"author":[{"embeddable":true,"href":"https:\/\/consuladobarcelona.gob.ve\/webalterna\/wp-json\/wp\/v2\/users\/3"}],"replies":[{"embeddable":true,"href":"https:\/\/consuladobarcelona.gob.ve\/webalterna\/wp-json\/wp\/v2\/comments?post=999"}],"version-history":[{"count":9,"href":"https:\/\/consuladobarcelona.gob.ve\/webalterna\/wp-json\/wp\/v2\/posts\/999\/revisions"}],"predecessor-version":[{"id":1020,"href":"https:\/\/consuladobarcelona.gob.ve\/webalterna\/wp-json\/wp\/v2\/posts\/999\/revisions\/1020"}],"wp:featuredmedia":[{"embeddable":true,"href":"https:\/\/consuladobarcelona.gob.ve\/webalterna\/wp-json\/wp\/v2\/media\/1000"}],"wp:attachment":[{"href":"https:\/\/consuladobarcelona.gob.ve\/webalterna\/wp-json\/wp\/v2\/media?parent=999"}],"wp:term":[{"taxonomy":"category","embeddable":true,"href":"https:\/\/consuladobarcelona.gob.ve\/webalterna\/wp-json\/wp\/v2\/categories?post=999"},{"taxonomy":"post_tag","embeddable":true,"href":"https:\/\/consuladobarcelona.gob.ve\/webalterna\/wp-json\/wp\/v2\/tags?post=999"}],"curies":[{"name":"wp","href":"https:\/\/api.w.org\/{rel}","templated":true}]}}