{"id":995,"date":"2019-04-17T05:06:51","date_gmt":"2019-04-17T04:06:51","guid":{"rendered":"http:\/\/consuladobarcelona.gob.ve\/webalterna\/?p=995"},"modified":"2019-04-17T09:12:15","modified_gmt":"2019-04-17T08:12:15","slug":"handsoffvenezuela-cataluna-recoge-760-firmas-entre-los-firmantes-diputados-e-intelectuales","status":"publish","type":"post","link":"https:\/\/consuladobarcelona.gob.ve\/webalterna\/handsoffvenezuela-cataluna-recoge-760-firmas-entre-los-firmantes-diputados-e-intelectuales\/","title":{"rendered":"#HandsOffVenezuela: 760 firmas en Catalu\u00f1a entre pol\u00edticos e intelectuales"},"content":{"rendered":"<p align=\"justify\">Setecientos-sesenta personas entre pol\u00edticos, intelectuales, diplom\u00e1ticos, artistas y ciudadanos de a pi\u00e9, catalanes y venezolanos, adhirieron a la campa\u00f1a internacional de solidaridad \u201c#HandsOffVenezuela\u201d promovida en Catalu\u00f1a por la Plataforma Catalana de Solidaridad con Venezuela, firmando la carta que ser\u00e1 enviada a Estados Unidos para exigir al Gobierno de Donald Trump el cese de las acciones injerencistas contra la naci\u00f3n bolivariana.<\/p>\n<p align=\"justify\">Los primeros en firmar fueron diplom\u00e1ticos y trabajadores del Consulado General de Venezuela en Barcelona, entre ellos el C\u00f3nsul General Ricardo Capella y los C\u00f3nsules Adjuntos Antonio Mart\u00ednez y Carlos Figueira, adem\u00e1s de varios miembros de la Agregadur\u00eda de Defensa de la sede consular. A ellos se sumaron los diputados Carles Riera, Maria Sirvent y Vidal Aragon\u00e9s, del partido de izquierda independentista CUP; los jovenes de Joventuts d\u2019Esquerra Republicana y de la Organitzaci\u00f3 juvenil de l&#8217;Esquerra Independentista, de Joventut Comunista de Catalunya y de Juventut Socialista Unificada de Catalunya; miembros y militantes del partido Catalunya en Com\u00fa, del Partido Socialista Unificado de Catalu\u00f1a-Viu, del Partido Comunista de los Pueblos de Espa\u00f1a, del Partit Comunista del Poble de Catalunya, de Comunistes de Catalunya, Poble Lliure y Esquerra Unida i Alternativa. Adem\u00e1s, miembros de la Assemblea Bolivariana de Catalunya de Solidaritat amb el Poble de Vene\u00e7uela, de la Red de Intelectuales Artistas y Movimientos Sociales en Defensa de la Humanidad \u2013 Cap. Catalunya, de la Organitzaci\u00f3 Internacionalista dels Pa\u00efsos Catalans ITACA, del Congreso de los Pueblos \u2013 Cap\u00edtulo Europeo y muchas otras organizaciones y sindicatos. Entre los firmantes destacan el historiador V\u00edctor R\u00edos y la polit\u00f3loga Arantxa Tirado, y artistas como Llu\u00eds Bartra, productor y autor de la canci\u00f3n \u201cVenezuela Vol Pau\u201d, en la que 13 artistas catalanes expresaron su apoyo al pueblo de Venezuela. Adem\u00e1s, firmaron cientos de ciudadanos, pacifistas e internacionalistas, que quisieron demostrar su respaldo a la Paz y a la soberan\u00eda del pa\u00eds caribe\u00f1o, y su pleno rechazo a cualquier tipo de bloqueo econ\u00f3mico e intervenci\u00f3n militar en su contra.<\/p>\n<p align=\"justify\">Fue el pasado 4 de febrero cuando el presidente venezolano, Nicol\u00e1s Maduro, anunci\u00f3 una recolecci\u00f3n de firmas a nivel nacional, para defender la paz en Venezuela y exigir a EEUU el fin de sus intentos de golpe de Estado contra la naci\u00f3n. De inmediato, la iniciativa se propag\u00f3 a nivel internacional. Las firmas ir\u00e1n a Washington acompa\u00f1adas por una carta destinada al pueblo de Estados Unidos que fue redactada por el presidente Maduro y hecha p\u00fablica para conocimiento de los firmantes. Adem\u00e1s, este texto aparece en las primeras hojas de cada libreta de firmas. \u201cApelamos al alma buena de la sociedad estadounidense, v\u00edctimas de sus propios gobernantes, para que se unan a nuestro llamado por la paz. Seamos un solo pueblo contra el belicismo y la guerra\u201d y \u201cLos venezolanos y las venezolanas somos patriotas y defenderemos lo nuestro con todos los trozos de nuestra alma\u201d son parte de la misiva.<\/p>\n","protected":false},"excerpt":{"rendered":"<p>Setecientos-sesenta personas entre pol\u00edticos, intelectuales, diplom\u00e1ticos, artistas y ciudadanos de a pi\u00e9, catalanes y venezolanos, adhirieron a la campa\u00f1a internacional de solidaridad \u201c#HandsOffVenezuela\u201d promovida en Catalu\u00f1a por la Plataforma Catalana de Solidaridad con Venezuela, firmando la carta que ser\u00e1 enviada a Estados Unidos para exigir al Gobierno de Donald Trump el cese de las acciones\u2026 <span class=\"read-more\"><a href=\"https:\/\/consuladobarcelona.gob.ve\/webalterna\/handsoffvenezuela-cataluna-recoge-760-firmas-entre-los-firmantes-diputados-e-intelectuales\/\">Leer m\u00e1s &raquo;<\/a><\/span><\/p>\n","protected":false},"author":3,"featured_media":997,"comment_status":"closed","ping_status":"closed","sticky":false,"template":"","format":"standard","meta":{"footnotes":""},"categories":[5],"tags":[],"class_list":["post-995","post","type-post","status-publish","format-standard","has-post-thumbnail","hentry","category-noticias"],"_links":{"self":[{"href":"https:\/\/consuladobarcelona.gob.ve\/webalterna\/wp-json\/wp\/v2\/posts\/995","targetHints":{"allow":["GET"]}}],"collection":[{"href":"https:\/\/consuladobarcelona.gob.ve\/webalterna\/wp-json\/wp\/v2\/posts"}],"about":[{"href":"https:\/\/consuladobarcelona.gob.ve\/webalterna\/wp-json\/wp\/v2\/types\/post"}],"author":[{"embeddable":true,"href":"https:\/\/consuladobarcelona.gob.ve\/webalterna\/wp-json\/wp\/v2\/users\/3"}],"replies":[{"embeddable":true,"href":"https:\/\/consuladobarcelona.gob.ve\/webalterna\/wp-json\/wp\/v2\/comments?post=995"}],"version-history":[{"count":5,"href":"https:\/\/consuladobarcelona.gob.ve\/webalterna\/wp-json\/wp\/v2\/posts\/995\/revisions"}],"predecessor-version":[{"id":1041,"href":"https:\/\/consuladobarcelona.gob.ve\/webalterna\/wp-json\/wp\/v2\/posts\/995\/revisions\/1041"}],"wp:featuredmedia":[{"embeddable":true,"href":"https:\/\/consuladobarcelona.gob.ve\/webalterna\/wp-json\/wp\/v2\/media\/997"}],"wp:attachment":[{"href":"https:\/\/consuladobarcelona.gob.ve\/webalterna\/wp-json\/wp\/v2\/media?parent=995"}],"wp:term":[{"taxonomy":"category","embeddable":true,"href":"https:\/\/consuladobarcelona.gob.ve\/webalterna\/wp-json\/wp\/v2\/categories?post=995"},{"taxonomy":"post_tag","embeddable":true,"href":"https:\/\/consuladobarcelona.gob.ve\/webalterna\/wp-json\/wp\/v2\/tags?post=995"}],"curies":[{"name":"wp","href":"https:\/\/api.w.org\/{rel}","templated":true}]}}