{"id":992,"date":"2019-04-15T10:48:12","date_gmt":"2019-04-15T09:48:12","guid":{"rendered":"http:\/\/consuladobarcelona.gob.ve\/webalterna\/?p=992"},"modified":"2019-04-16T09:28:43","modified_gmt":"2019-04-16T08:28:43","slug":"todo-11-tiene-su-13-la-abc-recuerda-el-golpe-contra-el-cdte-chavez-y-la-lucha-victoriosa-del-pueblo-bolivariano","status":"publish","type":"post","link":"https:\/\/consuladobarcelona.gob.ve\/webalterna\/todo-11-tiene-su-13-la-abc-recuerda-el-golpe-contra-el-cdte-chavez-y-la-lucha-victoriosa-del-pueblo-bolivariano\/","title":{"rendered":"\u201cTodo 11 tiene su 13\u201d: en Barcelona recuerdan el golpe contra Ch\u00e1vez y la lucha victoriosa del pueblo bolivariano"},"content":{"rendered":"<p>Con debates, m\u00fasica, y nuevos compromisos con la lucha revolucionaria, la Asamblea Bolivariana de Catalu\u00f1a celebr\u00f3 el pasado 11 de abril el aniversario del golpe de estado contra el Presidente Hugo Ch\u00e1vez del a\u00f1o 2002 y el restablecimiento de la democracia por parte del pueblo y del ejercito venezolanos. La actividad \u00abCada 11 tiene su 13\u00bb se celebr\u00f3 en la Casa de la Solidaridad, en el centro de Barcelona, y cont\u00f3 con la presencia del C\u00f3nsul General de Venezuela, Ricardo Capella, de los C\u00f3nsules adjuntos Antonio Mart\u00ednez y Carlos Figueira, del historiador V\u00edctor R\u00edos y del compositor <span class=\"st\">Llu\u00eds Bartra<\/span>, autor de la canci\u00f3n \u00abVenezuela Vol Pau\u00bb, con la que 13 artistas catalanes y un venezolano expresaron su apoyo al pueblo bolivariano de Venezuela y su rechazo a una posible intervenci\u00f3n extranjera en el pa\u00eds.<\/p>\n<p>Empezando el acto, el publico pudo disfrutar de la m\u00fasica del guitarrista salvadore\u00f1o Carlos Pacheco y de la proyecci\u00f3n de diferentes videos realizados en Venezuela por parte de diferentes activistas, entre ellos la polit\u00f3loga Arantxa Tirado, que desmienten la narrativa impuesta por los grandes medios de comunicaci\u00f3n, en particular la de la supuesta \u00abemergencia humanitaria\u00bb masiva presente en el pa\u00eds, que se intenta establecer como pretexto para una intervenci\u00f3n.<\/p>\n<p>Al centro de la celebraci\u00f3n estuvo la conferencia dictada por Enrique Vila Planes, profesor de la Universidad Bolivariana de Venezuela de Caracas, quien a trav\u00e9s de materiales gr\u00e1ficos explic\u00f3 el contexto de transici\u00f3n y lucha en el que se encuentra hoy el pa\u00eds caribe\u00f1o. \u00abVenezuela se enfrenta a diversos posibles escenarios\u00bb, explic\u00f3 Vila, entre ellos la destrucci\u00f3n del Estado-naci\u00f3n por parte de EEUU, la balcanizaci\u00f3n del territorio y \u00abel salto hacia una verdadera revoluci\u00f3n socialista bolivariana que produzca una ruptura sist\u00e9mica y destruya el Estado olig\u00e1rquico-burgu\u00e9s dependiente, subdesarrollado y neocolonial, armando un Estado de transici\u00f3n transformando nuestra infraestructura econ\u00f3mica basada en las comunas\u00bb. Estas posibilidades, explic\u00f3, \u00abson determinadas por contradicciones internas del Sistema del Capital, no s\u00f3lo a nivel nacional, sino tambi\u00e9n a nivel mundial. Internamente, el pueblo venezolano resiste con paciencia y sangre fr\u00eda, dada la conciencia que tenemos sobre los intereses imperiales de EEUU-UE. Somos geopol\u00edticamente una encrucijada de intereses mundiales, por lo que en nuestro territorio se est\u00e1 jugando el destino del Sistema del Capital, sea la opci\u00f3n \u2018capitalista\u2019, la \u2018post-capitalista\u2019 o, sobre todo, la \u2018socialista\u2019\u00bb explic\u00f3 Vila.<\/p>\n<p>La conferencia dio pie a muchas preguntas por parte de las personas que asistieron al acto y a un debate muy interesante sobre la actualidad y el posible desenlace de la situaci\u00f3n Venezolana. Al cierre de la actividad, el publico pudo disfrutar del en\u00e9rgico videoclip de la canci\u00f3n \u00abVenezuela Vol Pau\u00bb, de las palabras de su autor, y de un simp\u00e1tico &#8216;compartir&#8217; ofrecido por la Asamblea Bolivariana, ocasi\u00f3n para estrechar a\u00fan m\u00e1s los lazos de amistad y colaboraci\u00f3n entre los internacionalistas presentes.<\/p>\n<p>La Asamblea Bolivariana de Catalu\u00f1a es una de las treinta entidades que forman parte de la Plataforma catalana de Solidaridad con Venezuela. Durante el acto, se recogieron nuevas firmas para la campa\u00f1a internacional #HandsOffVenezuela.<\/p>\n","protected":false},"excerpt":{"rendered":"<p>Con debates, m\u00fasica, y nuevos compromisos con la lucha revolucionaria, la Asamblea Bolivariana de Catalu\u00f1a celebr\u00f3 el pasado 11 de abril el aniversario del golpe de estado contra el Presidente Hugo Ch\u00e1vez del a\u00f1o 2002 y el restablecimiento de la democracia por parte del pueblo y del ejercito venezolanos. La actividad \u00abCada 11 tiene su\u2026 <span class=\"read-more\"><a href=\"https:\/\/consuladobarcelona.gob.ve\/webalterna\/todo-11-tiene-su-13-la-abc-recuerda-el-golpe-contra-el-cdte-chavez-y-la-lucha-victoriosa-del-pueblo-bolivariano\/\">Leer m\u00e1s &raquo;<\/a><\/span><\/p>\n","protected":false},"author":3,"featured_media":993,"comment_status":"closed","ping_status":"closed","sticky":false,"template":"","format":"standard","meta":{"footnotes":""},"categories":[5],"tags":[],"class_list":["post-992","post","type-post","status-publish","format-standard","has-post-thumbnail","hentry","category-noticias"],"_links":{"self":[{"href":"https:\/\/consuladobarcelona.gob.ve\/webalterna\/wp-json\/wp\/v2\/posts\/992","targetHints":{"allow":["GET"]}}],"collection":[{"href":"https:\/\/consuladobarcelona.gob.ve\/webalterna\/wp-json\/wp\/v2\/posts"}],"about":[{"href":"https:\/\/consuladobarcelona.gob.ve\/webalterna\/wp-json\/wp\/v2\/types\/post"}],"author":[{"embeddable":true,"href":"https:\/\/consuladobarcelona.gob.ve\/webalterna\/wp-json\/wp\/v2\/users\/3"}],"replies":[{"embeddable":true,"href":"https:\/\/consuladobarcelona.gob.ve\/webalterna\/wp-json\/wp\/v2\/comments?post=992"}],"version-history":[{"count":4,"href":"https:\/\/consuladobarcelona.gob.ve\/webalterna\/wp-json\/wp\/v2\/posts\/992\/revisions"}],"predecessor-version":[{"id":1026,"href":"https:\/\/consuladobarcelona.gob.ve\/webalterna\/wp-json\/wp\/v2\/posts\/992\/revisions\/1026"}],"wp:featuredmedia":[{"embeddable":true,"href":"https:\/\/consuladobarcelona.gob.ve\/webalterna\/wp-json\/wp\/v2\/media\/993"}],"wp:attachment":[{"href":"https:\/\/consuladobarcelona.gob.ve\/webalterna\/wp-json\/wp\/v2\/media?parent=992"}],"wp:term":[{"taxonomy":"category","embeddable":true,"href":"https:\/\/consuladobarcelona.gob.ve\/webalterna\/wp-json\/wp\/v2\/categories?post=992"},{"taxonomy":"post_tag","embeddable":true,"href":"https:\/\/consuladobarcelona.gob.ve\/webalterna\/wp-json\/wp\/v2\/tags?post=992"}],"curies":[{"name":"wp","href":"https:\/\/api.w.org\/{rel}","templated":true}]}}