{"id":9569,"date":"2024-06-25T10:55:03","date_gmt":"2024-06-25T09:55:03","guid":{"rendered":"https:\/\/consuladobarcelona.gob.ve\/webalterna\/?p=9569"},"modified":"2024-06-25T10:55:03","modified_gmt":"2024-06-25T09:55:03","slug":"presidente-maduro-lidero-acto-por-el-203-aniversario-de-la-batalla-de-carabobo","status":"publish","type":"post","link":"https:\/\/consuladobarcelona.gob.ve\/webalterna\/presidente-maduro-lidero-acto-por-el-203-aniversario-de-la-batalla-de-carabobo\/","title":{"rendered":"Presidente Maduro lider\u00f3 acto por el 203\u00b0 aniversario de la Batalla de Carabobo"},"content":{"rendered":"<p>Este lunes 24 de junio Venezuela conmemor\u00f3 el <strong>203\u00b0 aniversario de la Batalla de Carabobo<\/strong>, gesta heroica que marc\u00f3 un punto decisivo en la lucha por la independencia del pa\u00eds del yugo espa\u00f1ol.<\/p>\n<p>En las sabanas de Carabobo, el 24 de junio de 1821, el ej\u00e9rcito independentista liderado por el<strong> Libertador Sim\u00f3n Bol\u00edvar<\/strong> libr\u00f3 una batalla \u00e9pica contra las fuerzas realistas comandadas por Miguel de la Torre. Tras horas de cruento combate, la victoria se decant\u00f3 a favor de los patriotas, sellando la independencia de Venezuela y abriendo el camino para la liberaci\u00f3n de otros territorios en Am\u00e9rica del Sur.<\/p>\n<p>M\u00e1s all\u00e1 de su importancia hist\u00f3rica, la Batalla de Carabobo representa un s\u00edmbolo inmortal de valent\u00eda, sacrificio y el esp\u00edritu indomable de un pueblo que anhelaba la libertad. El liderazgo estrat\u00e9gico de Bol\u00edvar, la bravura de los pr\u00f3ceres y la determinaci\u00f3n de los soldados independentistas se conjugaron para lograr un triunfo que defini\u00f3 el curso de la historia venezolana.<\/p>\n<p>En tal sentido, el legado de la Batalla de Carabobo trasciende el tiempo y contin\u00faa inspirando a las generaciones presentes y futuras. Sus valores de libertad, justicia social e igualdad son pilares fundamentales de la identidad nacional venezolana.<\/p>\n<p>Es por ello que <strong>e<\/strong>n este 203 aniversario, Venezuela conmemor\u00f3 la hist\u00f3rica Batalla con diversos <strong>actos c\u00edvicos y culturales en todo el pa\u00eds<\/strong>. Fue un momento para honrar la memoria de los h\u00e9roes que lucharon por la independencia y reflexionar sobre la importancia de preservar los valores que ellos defendieron.<\/p>\n<p>El presidente de Venezuela, <strong>Nicol\u00e1s Maduro, lider\u00f3 el acto central del 203\u00b0 aniversario de la Batalla de Carabobo y D\u00eda del Ej\u00e9rcito Bolivariano<\/strong>, donde resalt\u00f3 que lo ocurrido fue una \u00abestrategia hist\u00f3rica\u00bb.<\/p>\n<p>El jefe de Estado present\u00f3 una ofrenda floral ante la tumba del soldado desconocido, indicando que hace referencia a quien \u00abrindi\u00f3 su sangre en los campos de batalla, en Carabobo, tiene nombre y apellido, es el soldado pueblo, el soldado patria, zambo, negro, indio\u201d.<\/p>\n<p><cite><\/cite>Durante su intervenci\u00f3n, el mandatario destac\u00f3 que en Venezuela se est\u00e1n formando \u00ablos mejores y m\u00e1s profesionales militares de toda Am\u00e9rica, los militares venezolanos, con su concepto estrat\u00e9gico, con su moral, con su bandera tricolor con sus ocho estrellas\u00bb.<\/p>\n<p>\u00abQue nadie se equivoque con Venezuela. <strong>Venezuela tiene pueblo que la defienda y militares patriotas para defenderla en su soberan\u00eda, en su integridad, en su derecho a la paz<\/strong>\u00bb, asever\u00f3.<\/p>\n<p>El Ejecutivo afirm\u00f3 que lo ocurrido en Carabobo fue una estrategia hist\u00f3rica pensada por a\u00f1os.<\/p>\n<p>\u00abCarabobo fue una campa\u00f1a perfecta que remat\u00f3 en tiempo r\u00e9cord, por la forma genial que fue planificada, pensada y conducida personalmente por nuestro l\u00edder, padre, Sim\u00f3n Bol\u00edvar. Una campa\u00f1a que cont\u00f3 con dos elementos principales que se deben estudiar\u00bb, dijo, rememorando la ense\u00f1anza dejada por el comandante Hugo Ch\u00e1vez.<\/p>\n<p>Asimismo, acot\u00f3 que para entender lo sucedido hace 203 a\u00f1os, es necesario comprender el proceso hist\u00f3rico y tomar sus lecciones, \u201ccomo fuerza nutriente para las batallas que estamos dando y para las victorias que vamos a tener en las d\u00e9cadas que est\u00e1n por venir\u201d.<\/p>\n<p>El presidente Maduro tambi\u00e9n llam\u00f3 a construir un poder militar tecnol\u00f3gico, log\u00edstico, que \u201csea el poder militar independiente, poderoso, soberano, m\u00e1s grande, que jam\u00e1s hayamos tenido en estas tierras\u201d.<\/p>\n<p>\u201cSi queremos paz, prepar\u00e9monos para tener la paz, si queremos independencia, prepar\u00e9monos para defenderla, si queremos patria para nuestros hijos e hijas, construyamos un Estado poderoso, eficiente, democr\u00e1tico, una poderosa <strong>alianza c\u00edvico-militar-policial<\/strong>\u201d, enfatiz\u00f3.<\/p>\n<p>Por otro lado, asegur\u00f3 nadie va a \u00bb traer a los gringos para que sean jefes, ni van a traer sus manuales\u201d y reiter\u00f3 que nunca va a mandar el Comando Sur o \u00ablos gringos\u201d.<\/p>\n<p>\u201cEn Venezuela mandamos nosotros los venezolanos y en la Fuerza Armada nuestros militares patriotas. \u00a1Oligarcas temblad!\u201d, expres\u00f3.<\/p>\n<p>A su llegada al estado Carabobo, el mandatario fue recibido por la poblaci\u00f3n que sali\u00f3 a las calles para manifestarle su cari\u00f1o, apoyo incondicional y estrecharle la mano.<\/p>\n<p>Desde el estado Carabobo, el vicepresidente sectorial para la Soberan\u00eda Pol\u00edtica, Seguridad y Paz, Vladimir Padrino L\u00f3pez, exhort\u00f3 a los venezolanos a no volver al colonialismo, sino seguir trabajando en la \u00abpatria, valiente y antiimperialistas\u00bb.<\/p>\n","protected":false},"excerpt":{"rendered":"<p>Este lunes 24 de junio Venezuela conmemor\u00f3 el 203\u00b0 aniversario de la Batalla de Carabobo, gesta heroica que marc\u00f3 un punto decisivo en la lucha por la independencia del pa\u00eds del yugo espa\u00f1ol. En las sabanas de Carabobo, el 24 de junio de 1821, el ej\u00e9rcito independentista liderado por el Libertador Sim\u00f3n Bol\u00edvar libr\u00f3 una\u2026 <span class=\"read-more\"><a href=\"https:\/\/consuladobarcelona.gob.ve\/webalterna\/presidente-maduro-lidero-acto-por-el-203-aniversario-de-la-batalla-de-carabobo\/\">Leer m\u00e1s &raquo;<\/a><\/span><\/p>\n","protected":false},"author":3,"featured_media":9570,"comment_status":"closed","ping_status":"closed","sticky":false,"template":"","format":"standard","meta":{"footnotes":""},"categories":[5],"tags":[],"class_list":["post-9569","post","type-post","status-publish","format-standard","has-post-thumbnail","hentry","category-noticias"],"_links":{"self":[{"href":"https:\/\/consuladobarcelona.gob.ve\/webalterna\/wp-json\/wp\/v2\/posts\/9569","targetHints":{"allow":["GET"]}}],"collection":[{"href":"https:\/\/consuladobarcelona.gob.ve\/webalterna\/wp-json\/wp\/v2\/posts"}],"about":[{"href":"https:\/\/consuladobarcelona.gob.ve\/webalterna\/wp-json\/wp\/v2\/types\/post"}],"author":[{"embeddable":true,"href":"https:\/\/consuladobarcelona.gob.ve\/webalterna\/wp-json\/wp\/v2\/users\/3"}],"replies":[{"embeddable":true,"href":"https:\/\/consuladobarcelona.gob.ve\/webalterna\/wp-json\/wp\/v2\/comments?post=9569"}],"version-history":[{"count":1,"href":"https:\/\/consuladobarcelona.gob.ve\/webalterna\/wp-json\/wp\/v2\/posts\/9569\/revisions"}],"predecessor-version":[{"id":9571,"href":"https:\/\/consuladobarcelona.gob.ve\/webalterna\/wp-json\/wp\/v2\/posts\/9569\/revisions\/9571"}],"wp:featuredmedia":[{"embeddable":true,"href":"https:\/\/consuladobarcelona.gob.ve\/webalterna\/wp-json\/wp\/v2\/media\/9570"}],"wp:attachment":[{"href":"https:\/\/consuladobarcelona.gob.ve\/webalterna\/wp-json\/wp\/v2\/media?parent=9569"}],"wp:term":[{"taxonomy":"category","embeddable":true,"href":"https:\/\/consuladobarcelona.gob.ve\/webalterna\/wp-json\/wp\/v2\/categories?post=9569"},{"taxonomy":"post_tag","embeddable":true,"href":"https:\/\/consuladobarcelona.gob.ve\/webalterna\/wp-json\/wp\/v2\/tags?post=9569"}],"curies":[{"name":"wp","href":"https:\/\/api.w.org\/{rel}","templated":true}]}}