{"id":9554,"date":"2024-06-21T13:33:30","date_gmt":"2024-06-21T12:33:30","guid":{"rendered":"https:\/\/consuladobarcelona.gob.ve\/webalterna\/?p=9554"},"modified":"2024-06-21T13:34:13","modified_gmt":"2024-06-21T12:34:13","slug":"candidatos-presidenciales-firman-acuerdo-de-aceptacion-de-resultados-del-28-de-julio","status":"publish","type":"post","link":"https:\/\/consuladobarcelona.gob.ve\/webalterna\/candidatos-presidenciales-firman-acuerdo-de-aceptacion-de-resultados-del-28-de-julio\/","title":{"rendered":"Candidatos presidenciales firman Acuerdo de aceptaci\u00f3n de resultados del 28 de julio"},"content":{"rendered":"<p>El\u00a0<strong>Consejo Nacional Electoral<\/strong> (CNE), convoc\u00f3 a todos los candidatos presidenciales a su sede central ubicada en el Centro Sim\u00f3n Bol\u00edvar, en Caracas, para la firma de un <strong>Acuerdo en reconocimiento a los resultados de los comicios electorales<\/strong> a celebrarse el pr\u00f3ximo 28 de julio. Con esta firma, ocho de los 10 candidatos se comprometieron a respetar los resultados de estos comicios: Luis Eduardo Mart\u00ednez, Daniel Ceballos, Antonio Ecarri, Benjam\u00edn Rausseo, Jos\u00e9 Brito, Claudio Ferm\u00edn, Javier Bertucci y Nicol\u00e1s Maduro. Por su parte, los candidatos Edmundo Gonz\u00e1lez y Enrique Marqu\u00e9z no asistieron a la convocatoria del Poder Electoral.<\/p>\n<p>Dicha convocatoria se realiz\u00f3 en seguimiento de una propuesta emitida por el jefe de Estado y candidato a la reelecci\u00f3n, <strong>Nicol\u00e1s Maduro<\/strong>, quien afirm\u00f3 que la firma Acuerdo de Reconocimiento de los Resultados Electorales en las presidenciales del 28 de julio es un paso importante para la paz y de respeto al Consejo Nacional Electoral (CNE), como \u00e1rbitro de los comicios.<\/p>\n<p>\u201cAcabamos de firmar este acuerdo importante para la paz de Venezuela, todo lo que haya que hacer por la paz, la estabilidad, la tranquilidad de Venezuela, siempre contar\u00e1 con nuestra firma, siempre estaremos cuando el \u00e1rbitro convoque\u201d. \u201cSi uno se inscribe en una competencia, tiene que respetar al \u00e1rbitro, es el ABC de cualquier competencia\u201d afirm\u00f3.<\/p>\n<p>Asimismo, reiter\u00f3 que la firma de este documento, va en la l\u00ednea perfecta del documento de Barbados, del Di\u00e1logo de Caracas, y ahora es el documento del \u00e1rbitro electoral.<\/p>\n<p>\u201cLlamo a todos los venezolanos a respaldar este acuerdo y a respetar el \u00e1rbitro electoral y que su palabra sea sagrada. Venezuela quiere tranquilidad para seguir su recuperaci\u00f3n econ\u00f3mica y social\u201d dijo el jefe de Estado.<\/p>\n<p>El presidente del CNE,<strong>\u00a0Elvis Amoroso<\/strong>, declar\u00f3 que el \u00f3rgano titular est\u00e1 en pleno proceso del cumplimiento cabal del procedimiento electoral, y que ha\u00a0<strong>distribuido correctamente los materiales electorales<\/strong>\u00a0para todos los municipios del pa\u00eds.\u00a0Asimismo, destac\u00f3 que \u201clos candidatos son ciudadanos de la Rep\u00fablica y est\u00e1n apegados a la normativa legal, y respetan y quieren a nuestra querida patria, Venezuela. Los que est\u00e1n aqu\u00ed son ciudadanos que han cumplido todos los requisitos para ser candidatos\u201d.<\/p>\n<p>Entre las obligaciones del acuerdo, figuran:<\/p>\n<ul>\n<li>Reconocer al Poder Electoral como la<strong> \u00fanica autoridad leg\u00edtima y competente<\/strong> para la vigilancia para la elecci\u00f3n presidencial del pr\u00f3ximo 28 de julio de 2024.<\/li>\n<li>Reconocer que el CNE ha<strong> dado cumplimiento a las garant\u00edas electorales<\/strong> en cada una de las fases del proceso establecido en el cronograma electoral, asimismo, convalidar los resultados emitidos en el Poder Electoral en respeto a la voluntad popular, y en concordancia en lo previsto en los acuerdos previstos en Barbados y Caracas.<\/li>\n<li><strong>Competir en un clima de respeto, paz, y participaci\u00f3n democr\u00e1tica<\/strong> para que durante el proceso electoral no se interfiera o desconozca la voluntad del pueblo de Venezuela con hechos de violencia y desestabilizaci\u00f3n que atente contra el bienestar del pa\u00eds<\/li>\n<li>Solicitar a los gobiernos del mundo el <strong>respeto a la autodeterminaci\u00f3n y la soberan\u00eda<\/strong>.<\/li>\n<li>Afirmar la soberan\u00eda nacional, la estabilidad democr\u00e1tica, la gobernabilidad, el pleno respeto a los derechos humanos, la garant\u00eda en los procesos electorales, la recuperaci\u00f3n ante la coyuntura social y econ\u00f3mica, el Estado de derecho constitucional, el desarrollo pleno de los derechos pol\u00edticos y la democracia.<\/li>\n<li><strong>Fomentar una pol\u00edtica plena<\/strong> para el reconocimiento de la pol\u00edtica nacional y el repudio absoluto a la violencia como instrumento pol\u00edtico.<\/li>\n<li>Rechazar cualquier financiamiento o recurso proveniente de operaciones il\u00edcitas, nacionales o internacionales.<\/li>\n<\/ul>\n<p>\u201cNosotros los candidatos reiteramos ante todos los venezolanos y venezolanas, rectores y rectoras del CNE, nuestra responsabilidad con la democracia, la plena sujeci\u00f3n al orden constitucional legalmente establecido en la Rep\u00fablica Bolivariana de Venezuela y <strong>la voluntad absoluta de reconocer los resultados emitidos del poder electoral<\/strong>\u201c, concluy\u00f3 el acuerdo.<\/p>\n<p>Asimismo, el candidato Rausseo afirm\u00f3 que el acuerdo representa \u201c<strong>un paso muy importante<\/strong>\u201c, ya que ofrece una oportunidad para que los venezolanos diriman sus diferencias pol\u00edticas. \u201cCreo muy necesario que el resultado de esta elecci\u00f3n sea reconocida dentro y fuera del pa\u00eds\u201d, a\u00f1adi\u00f3 el aspirante a la presidencia.<\/p>\n","protected":false},"excerpt":{"rendered":"<p>El\u00a0Consejo Nacional Electoral (CNE), convoc\u00f3 a todos los candidatos presidenciales a su sede central ubicada en el Centro Sim\u00f3n Bol\u00edvar, en Caracas, para la firma de un Acuerdo en reconocimiento a los resultados de los comicios electorales a celebrarse el pr\u00f3ximo 28 de julio. Con esta firma, ocho de los 10 candidatos se comprometieron a\u2026 <span class=\"read-more\"><a href=\"https:\/\/consuladobarcelona.gob.ve\/webalterna\/candidatos-presidenciales-firman-acuerdo-de-aceptacion-de-resultados-del-28-de-julio\/\">Leer m\u00e1s &raquo;<\/a><\/span><\/p>\n","protected":false},"author":3,"featured_media":9555,"comment_status":"closed","ping_status":"closed","sticky":false,"template":"","format":"standard","meta":{"footnotes":""},"categories":[5],"tags":[],"class_list":["post-9554","post","type-post","status-publish","format-standard","has-post-thumbnail","hentry","category-noticias"],"_links":{"self":[{"href":"https:\/\/consuladobarcelona.gob.ve\/webalterna\/wp-json\/wp\/v2\/posts\/9554","targetHints":{"allow":["GET"]}}],"collection":[{"href":"https:\/\/consuladobarcelona.gob.ve\/webalterna\/wp-json\/wp\/v2\/posts"}],"about":[{"href":"https:\/\/consuladobarcelona.gob.ve\/webalterna\/wp-json\/wp\/v2\/types\/post"}],"author":[{"embeddable":true,"href":"https:\/\/consuladobarcelona.gob.ve\/webalterna\/wp-json\/wp\/v2\/users\/3"}],"replies":[{"embeddable":true,"href":"https:\/\/consuladobarcelona.gob.ve\/webalterna\/wp-json\/wp\/v2\/comments?post=9554"}],"version-history":[{"count":2,"href":"https:\/\/consuladobarcelona.gob.ve\/webalterna\/wp-json\/wp\/v2\/posts\/9554\/revisions"}],"predecessor-version":[{"id":9557,"href":"https:\/\/consuladobarcelona.gob.ve\/webalterna\/wp-json\/wp\/v2\/posts\/9554\/revisions\/9557"}],"wp:featuredmedia":[{"embeddable":true,"href":"https:\/\/consuladobarcelona.gob.ve\/webalterna\/wp-json\/wp\/v2\/media\/9555"}],"wp:attachment":[{"href":"https:\/\/consuladobarcelona.gob.ve\/webalterna\/wp-json\/wp\/v2\/media?parent=9554"}],"wp:term":[{"taxonomy":"category","embeddable":true,"href":"https:\/\/consuladobarcelona.gob.ve\/webalterna\/wp-json\/wp\/v2\/categories?post=9554"},{"taxonomy":"post_tag","embeddable":true,"href":"https:\/\/consuladobarcelona.gob.ve\/webalterna\/wp-json\/wp\/v2\/tags?post=9554"}],"curies":[{"name":"wp","href":"https:\/\/api.w.org\/{rel}","templated":true}]}}