{"id":939,"date":"2019-04-09T11:44:56","date_gmt":"2019-04-09T10:44:56","guid":{"rendered":"http:\/\/consuladobarcelona.gob.ve\/webalterna\/?p=939"},"modified":"2019-04-09T11:47:00","modified_gmt":"2019-04-09T10:47:00","slug":"cataluna-con-venezuela-desde-el-municipio-de-mollet-del-valles-una-nueva-mocion-a-favor-del-dialogo-y-la-paz","status":"publish","type":"post","link":"https:\/\/consuladobarcelona.gob.ve\/webalterna\/cataluna-con-venezuela-desde-el-municipio-de-mollet-del-valles-una-nueva-mocion-a-favor-del-dialogo-y-la-paz\/","title":{"rendered":"Catalu\u00f1a con Venezuela: desde el municipio de Mollet del Vall\u00e8s una nueva moci\u00f3n a favor del dialogo y la Paz"},"content":{"rendered":"<p align=\"justify\">BARCELONA &#8211; Con mayor\u00eda absoluta, el Ayuntamiento de Mollet del Vall\u00e8s, en la provincia de Barcelona, aprob\u00f3 este lunes 08 de abril una moci\u00f3n a favor de la paz y del di\u00e1logo en Venezuela, que exige el respeto de la soberan\u00eda nacional y condena de manera en\u00e9rgica las amenazas militares y el bloqueo econ\u00f3mico-financiero contra el pa\u00eds. Se trata de una iniciativa de la asociaci\u00f3n Casal Popular Rep\u00fablica presentada por el grupo municipal Canviem Mollet, que prosper\u00f3 gracias a los votos favorables de Podemos y Esquerra Republicana-M\u00e9s.<\/p>\n<p align=\"justify\">En texto de la moci\u00f3n, el Ayuntamiento de Mollet del Vall\u00e8s declara su \u201crespeto m\u00e1s absoluto a la independencia y la soberan\u00eda de Venezuela\u201d y acuerda la necesidad de un di\u00e1logo pol\u00edtico entre el Gobierno del Presidente Nicol\u00e1s Maduro y la oposici\u00f3n venezolana, \u201cpara garantizar el mantenimiento de la paz en el pa\u00eds\u201d. Para ello, sugiere \u201cbuscar o proponer uno o m\u00e1s mediadores reconocidos por las partes\u201d y reactivar el Mecanismo de Montevideo, as\u00ed como hizo hace unos d\u00edas el Pdte. Maduro.<\/p>\n<p align=\"justify\">\u201cEl objetivo de esta moci\u00f3n es decir que hay formas de solucionar los conflictos, y hay que hacerlo de una determinada manera. Pa\u00edses como M\u00e9xico y Uruguay est\u00e1n haciendo ofertas de di\u00e1logo y creemos que este es el camino. Lo que no podemos hacer es injerir, interferir\u201d, explic\u00f3 Francisco Sancho, regidor de Canviem Mollet.<\/p>\n<p align=\"justify\">La moci\u00f3n rechaza las amenas militares contra Venezuela y condena cualquier \u201cbloqueo de hecho o derecho, especialmente de productos de primera necesidad, maquinarias y repuestos necesarios para el mantenimiento de una producci\u00f3n agr\u00edcola e industrial normal, y del funcionamiento de los servicios p\u00fablicos\u201d.<\/p>\n<p align=\"justify\">Los partidos Ciudadanos y Partido Popular votaron en contra de la moci\u00f3n, PdeCat y Partido Socialista se abstuvieron. Xavier Buz\u00f3n, del partido Podemos, critic\u00f3 la posici\u00f3n de esos partidos.<\/p>\n<p align=\"justify\">\u201cMe gustar\u00eda saber con cu\u00e1les de estos acuerdos no est\u00e1n de acuerdo: \u00bfel del respeto a la soberan\u00eda? \u00bfVenezuela acaso no lo merece? \u00bfEl del di\u00e1logo y la paz? \u00bfEl que rechaza la intervenci\u00f3n militar? \u00bfAcaso la guerra es una opci\u00f3n mejor que el di\u00e1logo y la Paz para solucionar un conflicto? pregunt\u00f3 Buz\u00f3n.<\/p>\n<p align=\"justify\">La moci\u00f3n del Ayuntamiento de Mollet del Vall\u00e8s se suma a la ya aprobada, tambi\u00e9n a nivel municipal, por el pleno del Ayuntamiento del Municipio de Sant Boi de Llobregat, en la provincia de Barcelona, el pasado 22 de febrero, y a la moci\u00f3n aprobada por el Parlamento de Catalu\u00f1a, en su Comisi\u00f3n de Asuntos Exteriores, el pasado 28 de marzo. (M.V.)<\/p>\n","protected":false},"excerpt":{"rendered":"<p>BARCELONA &#8211; Con mayor\u00eda absoluta, el Ayuntamiento de Mollet del Vall\u00e8s, en la provincia de Barcelona, aprob\u00f3 este lunes 08 de abril una moci\u00f3n a favor de la paz y del di\u00e1logo en Venezuela, que exige el respeto de la soberan\u00eda nacional y condena de manera en\u00e9rgica las amenazas militares y el bloqueo econ\u00f3mico-financiero contra\u2026 <span class=\"read-more\"><a href=\"https:\/\/consuladobarcelona.gob.ve\/webalterna\/cataluna-con-venezuela-desde-el-municipio-de-mollet-del-valles-una-nueva-mocion-a-favor-del-dialogo-y-la-paz\/\">Leer m\u00e1s &raquo;<\/a><\/span><\/p>\n","protected":false},"author":3,"featured_media":940,"comment_status":"closed","ping_status":"closed","sticky":false,"template":"","format":"standard","meta":{"footnotes":""},"categories":[5],"tags":[],"class_list":["post-939","post","type-post","status-publish","format-standard","has-post-thumbnail","hentry","category-noticias"],"_links":{"self":[{"href":"https:\/\/consuladobarcelona.gob.ve\/webalterna\/wp-json\/wp\/v2\/posts\/939","targetHints":{"allow":["GET"]}}],"collection":[{"href":"https:\/\/consuladobarcelona.gob.ve\/webalterna\/wp-json\/wp\/v2\/posts"}],"about":[{"href":"https:\/\/consuladobarcelona.gob.ve\/webalterna\/wp-json\/wp\/v2\/types\/post"}],"author":[{"embeddable":true,"href":"https:\/\/consuladobarcelona.gob.ve\/webalterna\/wp-json\/wp\/v2\/users\/3"}],"replies":[{"embeddable":true,"href":"https:\/\/consuladobarcelona.gob.ve\/webalterna\/wp-json\/wp\/v2\/comments?post=939"}],"version-history":[{"count":2,"href":"https:\/\/consuladobarcelona.gob.ve\/webalterna\/wp-json\/wp\/v2\/posts\/939\/revisions"}],"predecessor-version":[{"id":942,"href":"https:\/\/consuladobarcelona.gob.ve\/webalterna\/wp-json\/wp\/v2\/posts\/939\/revisions\/942"}],"wp:featuredmedia":[{"embeddable":true,"href":"https:\/\/consuladobarcelona.gob.ve\/webalterna\/wp-json\/wp\/v2\/media\/940"}],"wp:attachment":[{"href":"https:\/\/consuladobarcelona.gob.ve\/webalterna\/wp-json\/wp\/v2\/media?parent=939"}],"wp:term":[{"taxonomy":"category","embeddable":true,"href":"https:\/\/consuladobarcelona.gob.ve\/webalterna\/wp-json\/wp\/v2\/categories?post=939"},{"taxonomy":"post_tag","embeddable":true,"href":"https:\/\/consuladobarcelona.gob.ve\/webalterna\/wp-json\/wp\/v2\/tags?post=939"}],"curies":[{"name":"wp","href":"https:\/\/api.w.org\/{rel}","templated":true}]}}