{"id":929,"date":"2019-04-08T12:13:05","date_gmt":"2019-04-08T11:13:05","guid":{"rendered":"http:\/\/consuladobarcelona.gob.ve\/webalterna\/?p=929"},"modified":"2019-04-08T12:13:05","modified_gmt":"2019-04-08T11:13:05","slug":"gobierno-de-venezuela-pidio-reactivar-mecanismo-de-montevideo","status":"publish","type":"post","link":"https:\/\/consuladobarcelona.gob.ve\/webalterna\/gobierno-de-venezuela-pidio-reactivar-mecanismo-de-montevideo\/","title":{"rendered":"Gobierno de Venezuela pidi\u00f3 reactivar \u201cMecanismo de Montevideo\u201d"},"content":{"rendered":"<p>Ante las continuas arremetidas imperiales que sigue perpetrando el gobierno estadounidense contra la Rep\u00fablica Bolivariana de Venezuela, como el golpe el\u00e9ctrico y las amenazas de intervenci\u00f3n militar, este s\u00e1bado, en medio de una multitudinaria concentraci\u00f3n popular antiimperialista en\u00a0 las afueras del Palacio Miraflores, el presidente Nicol\u00e1s Maduro Moros hizo un llamado a los mandatarios de M\u00e9xico, Uruguay, Bolivia y los 14 pa\u00edses miembros de la Comunidad del Caribe (Caricom), para activar el di\u00e1logo con los sectores pol\u00edticos, econ\u00f3micos y sociales del pa\u00eds, enmarcados en el Mecanismo de Montevideo. <span id=\"more-62589\"><\/span>El Jefe de Estado inst\u00f3 a acoger ese llamado, como expresi\u00f3n de madurez pol\u00edtica, de inter\u00e9s de la naci\u00f3n y como expresi\u00f3n de lo que quieren los venezolanos, resalt\u00f3 adem\u00e1s, que \u201cVenezuela pide acompa\u00f1amiento para un gran di\u00e1logo de paz entre venezolanos\u201d.<\/p>\n<p><strong>Comienzos<\/strong><\/p>\n<p>El Mecanismo de Montevideo es una iniciativa de los gobiernos de M\u00e9xico, Bolivia y Uruguay presentada el 6 de febrero de este a\u00f1o, con la intenci\u00f3n de promover un encuentro entre los distintos sectores pol\u00edticos de Venezuela, con acompa\u00f1amiento de varios pa\u00edses y organismos internacionales. Esta medida permitir\u00eda a Gobierno y oposici\u00f3n\u00a0llegar a un acuerdo que devolviera la paz y la estabilidad econ\u00f3mica al pa\u00eds.<\/p>\n<p>La propuesta, surgi\u00f3 en respuesta a los acontecimientos suscitados el pasado 23 de enero de 2019, cuando la oposici\u00f3n venezolana dirigida por el gobierno estadounidense, decidi\u00f3 emprender una estrategia golpista en contra el presidente constitucional de la Rep\u00fablica Bolivariana de Venezuela, Nicol\u00e1s Maduro Moros, autoproclam\u00e1ndose el diputado Juan Guaid\u00f3, como presidente interino de la Rep\u00fablica, sin ning\u00fan fundamento legal.<\/p>\n<p>En la reuni\u00f3n convocada inicialmente por los gobiernos de M\u00e9xico y Uruguay, tambi\u00e9n asistieron pa\u00edses que creen y defienden el di\u00e1logo como la \u00fanica v\u00eda posible para dirimir las diferencias pol\u00edticas entre el Gobierno Bolivariano y la oposici\u00f3n.<\/p>\n<p><strong>Las Cuatro Fases del Mecanismo de Montevideo<\/strong><\/p>\n<p>El Mecanismo de Montevideo, instrumento con la intermediaci\u00f3n de M\u00e9xico, Uruguay, y 14 pa\u00edses que integran la Comunidad del Caribe (Caricom), al que luego se sum\u00f3 Bolivia, respeta los principios de soberan\u00eda establecidos en la Constituci\u00f3n de la Rep\u00fablica Bolivariana de Venezuela. Dicho mecanismo consta de cuatro fases para solucionar las controversias.<\/p>\n<p>1: Un di\u00e1logo inmediato y la generaci\u00f3n de condiciones necesarias para lograr un acercamiento entre las partes implicadas en el conflicto.<\/p>\n<p>2: Negociaci\u00f3n, presentaci\u00f3n de los resultados del di\u00e1logo y un espacio para la flexibilizaci\u00f3n de posturas que permita encontrar puntos en com\u00fan entre las partes.<\/p>\n<p>3: Compromiso y suscripci\u00f3n de los acuerdos.<\/p>\n<p>4: Implementaci\u00f3n y materializaci\u00f3n de los acuerdos con el apoyo de un acompa\u00f1amiento internacional.<\/p>\n<p>El ministro del Poder Popular para Relaciones Exteriores, Jorge Arreaza, aludiendo al llamado del Jefe de Estado, precis\u00f3 a trav\u00e9s de cuenta Twitter que el Mecanismo de Montevideo es la iniciativa m\u00e1s sincera y rigurosa que se ha planteado. Reiter\u00f3 que el di\u00e1logo y la pol\u00edtica siempre son la v\u00eda y que la guerra y la violencia no tienen cabida en Venezuela.<\/p>\n<p>En meses anteriores, el presidente Nicol\u00e1s Maduro, ya hab\u00eda expresado p\u00fablicamente que se encontraba listo para participar en una agenda abierta de entendimiento por la paz de Venezuela, al tiempo que manifestaba su apoyo al Mecanismo de Montevideo y sus cuatro fases.<\/p>\n<p><strong>Pueblo chavista se moviliz\u00f3 en nueva marcha antiimperialista<\/strong><\/p>\n<p>Este s\u00e1bado, el pueblo bolivariano de Venezuela sali\u00f3 a las calles del pa\u00eds en una nueva marcha antiimperialista, para manifestar su respaldo al Gobierno de Nicol\u00e1s Maduro y su rechazo a las medidas injerencistas por parte de Estados Unidos y sus pa\u00edses subordinados. La marcha, convocada bajo la consigna \u00abPor la paz y la soberan\u00eda de Venezuela\u00bb, reuni\u00f3 a miles y miles de personas que llegaron hasta el palacio de Miraflores. Por su parte, los simpatizantes de la oposici\u00f3n se movilizaron en menor cantidad en el este de la capital venezolana.<\/p>\n<p><strong>Sigue el acoso de EE.UU.<\/strong><\/p>\n<p>En medio del momento delicado que vive el pa\u00eds sudamericano, Washington contin\u00faa imponiendo sanciones a Venezuela. El viernes, el vicepresidente de EE.UU., Mike Pence,\u00a0anunci\u00f3 que Washington\u00a0sancionar\u00e1 a 34 embarcaciones\u00a0en propiedad u operadas\u00a0por la petrolera estatal venezolana PDVSA, y actuar\u00e1 igual contra\u00a0dos compa\u00f1\u00edas adicionales que transportan\u00a0crudo a Cuba. El enviado especial de Washington para Venezuela, Elliot Abrams, dijo durante una entrevista que tienen preparadas \u00abmedidas muy fuertes\u00bb en caso de que la Justicia venezolana encarcele al diputado en desafuero Juan Guaid\u00f3, la cara visible del golpe de estado que se est\u00e1 actuando contra Venezuela.<\/p>\n","protected":false},"excerpt":{"rendered":"<p>Ante las continuas arremetidas imperiales que sigue perpetrando el gobierno estadounidense contra la Rep\u00fablica Bolivariana de Venezuela, como el golpe el\u00e9ctrico y las amenazas de intervenci\u00f3n militar, este s\u00e1bado, en medio de una multitudinaria concentraci\u00f3n popular antiimperialista en\u00a0 las afueras del Palacio Miraflores, el presidente Nicol\u00e1s Maduro Moros hizo un llamado a los mandatarios de\u2026 <span class=\"read-more\"><a href=\"https:\/\/consuladobarcelona.gob.ve\/webalterna\/gobierno-de-venezuela-pidio-reactivar-mecanismo-de-montevideo\/\">Leer m\u00e1s &raquo;<\/a><\/span><\/p>\n","protected":false},"author":3,"featured_media":930,"comment_status":"closed","ping_status":"closed","sticky":false,"template":"","format":"standard","meta":{"footnotes":""},"categories":[5],"tags":[],"class_list":["post-929","post","type-post","status-publish","format-standard","has-post-thumbnail","hentry","category-noticias"],"_links":{"self":[{"href":"https:\/\/consuladobarcelona.gob.ve\/webalterna\/wp-json\/wp\/v2\/posts\/929","targetHints":{"allow":["GET"]}}],"collection":[{"href":"https:\/\/consuladobarcelona.gob.ve\/webalterna\/wp-json\/wp\/v2\/posts"}],"about":[{"href":"https:\/\/consuladobarcelona.gob.ve\/webalterna\/wp-json\/wp\/v2\/types\/post"}],"author":[{"embeddable":true,"href":"https:\/\/consuladobarcelona.gob.ve\/webalterna\/wp-json\/wp\/v2\/users\/3"}],"replies":[{"embeddable":true,"href":"https:\/\/consuladobarcelona.gob.ve\/webalterna\/wp-json\/wp\/v2\/comments?post=929"}],"version-history":[{"count":1,"href":"https:\/\/consuladobarcelona.gob.ve\/webalterna\/wp-json\/wp\/v2\/posts\/929\/revisions"}],"predecessor-version":[{"id":931,"href":"https:\/\/consuladobarcelona.gob.ve\/webalterna\/wp-json\/wp\/v2\/posts\/929\/revisions\/931"}],"wp:featuredmedia":[{"embeddable":true,"href":"https:\/\/consuladobarcelona.gob.ve\/webalterna\/wp-json\/wp\/v2\/media\/930"}],"wp:attachment":[{"href":"https:\/\/consuladobarcelona.gob.ve\/webalterna\/wp-json\/wp\/v2\/media?parent=929"}],"wp:term":[{"taxonomy":"category","embeddable":true,"href":"https:\/\/consuladobarcelona.gob.ve\/webalterna\/wp-json\/wp\/v2\/categories?post=929"},{"taxonomy":"post_tag","embeddable":true,"href":"https:\/\/consuladobarcelona.gob.ve\/webalterna\/wp-json\/wp\/v2\/tags?post=929"}],"curies":[{"name":"wp","href":"https:\/\/api.w.org\/{rel}","templated":true}]}}