{"id":926,"date":"2019-04-05T11:24:48","date_gmt":"2019-04-05T10:24:48","guid":{"rendered":"http:\/\/consuladobarcelona.gob.ve\/webalterna\/?p=926"},"modified":"2019-06-07T09:45:52","modified_gmt":"2019-06-07T08:45:52","slug":"pdte-maduro-seguimos-garantizando-recuperacion-y-educacion-a-pesar-de-los-ataques","status":"publish","type":"post","link":"https:\/\/consuladobarcelona.gob.ve\/webalterna\/pdte-maduro-seguimos-garantizando-recuperacion-y-educacion-a-pesar-de-los-ataques\/","title":{"rendered":"Pdte. Maduro: Seguimos garantizando recuperaci\u00f3n y educaci\u00f3n a pesar de los ataques"},"content":{"rendered":"<p>El presidente de Venezuela, Nicol\u00e1s Maduro, indic\u00f3 durante una reuni\u00f3n de trabajo en el Palacio de Miraflores, que contin\u00faan garantizando la recuperaci\u00f3n y educaci\u00f3n a pesar del ataque a los servicios p\u00fablicos realizado por la ultraderecha. \u201cHemos llegado a casi el 80% de asistencia en los niveles de educaci\u00f3n tras el sabotaje terrorista al Sistema El\u00e9ctrico Nacional\u201d, expres\u00f3. Adem\u00e1s, el Jefe de Estado resalt\u00f3 que en medio de la guerra \u201cla educaci\u00f3n sigue su rumbo. Venezuela tiene un nivel alt\u00edsimo de escolaridad, el 90 por ciento\u201d.<\/p>\n<div class=\"js-tweet-text-container\">\n<p class=\"TweetTextSize TweetTextSize--normal js-tweet-text tweet-text\" lang=\"es\" data-aria-label-part=\"0\">\u00a0El presidente Maduro afirm\u00f3 que los ataques forman parte de un golpe de Estado el\u00e9ctrico y de una guerra no convencional, e inform\u00f3 que 80% de los venezolanos ha perdido sus electrodom\u00e9sticos tras los ataques al Sistema El\u00e9ctrico Nacional. Sin embargo, asegur\u00f3 que \u201cestamos en estado de resistencia y vamos a vencer\u201d.<\/p>\n<p>En transmisi\u00f3n conjunta de radio y televisi\u00f3n, el Jefe de Estado mostr\u00f3 una encuesta que arroja que 137 mil 230 personas se han registro en el Sistema Patria para reponer los electrodom\u00e9sticos da\u00f1ados por la guerra el\u00e9ctrica. \u201cQuiero ma\u00f1ana mismo comenzar la log\u00edstica, distribuci\u00f3n y venta de los electrodom\u00e9sticos para que nuestro pueblo pueda sanar esas heridas\u201d, orden\u00f3 el Jefe de Estado.<\/p>\n<p lang=\"es\" data-aria-label-part=\"0\">El Mandatario Nacional asever\u00f3 que en esta fase de lucha y resistencia estar\u00e1n \u201cahorrando y llevando un consumo eficiente el\u00e9ctrico con la flexibilidad de los horarios\u201d. Llam\u00f3 a los gobernadores y alcaldes a continuar trabajando para seguir alineando todo el sistema de camiones cisternas para mejorar la atenci\u00f3n del pueblo. \u201cUno de los objetivos de este ataque terrorista es quitarle el agua a Venezuela\u201d, ratific\u00f3.<\/p>\n<p lang=\"es\" data-aria-label-part=\"0\">\u201cLos t\u00edteres diab\u00f3licos que maneja el imperio estadounidense (EE.UU.) dejan al descubierto sus oscuras intenciones al atacar con sa\u00f1a los servicios b\u00e1sicos del pueblo venezolano. Han hecho da\u00f1o, pero no han podido, ni podr\u00e1n quebrantar la paz nacional. \u00a1Venceremos todas las dificultades!\u201d, destac\u00f3 el Presidente en su cuenta Twitter @NicolasMaduro.<\/p>\n<p lang=\"es\" data-aria-label-part=\"0\">A ra\u00edz de de los ataques, el Gobierno Nacional activ\u00f3 un plan de contingencia en todas las \u00e1reas para atender de inmediato las necesidades de los venezolanos, en especial el sector salud y alimentaci\u00f3n, mientras se normaliza el suministro de luz y agua potable.<\/p>\n<\/div>\n","protected":false},"excerpt":{"rendered":"<p>El presidente de Venezuela, Nicol\u00e1s Maduro, indic\u00f3 durante una reuni\u00f3n de trabajo en el Palacio de Miraflores, que contin\u00faan garantizando la recuperaci\u00f3n y educaci\u00f3n a pesar del ataque a los servicios p\u00fablicos realizado por la ultraderecha. \u201cHemos llegado a casi el 80% de asistencia en los niveles de educaci\u00f3n tras el sabotaje terrorista al Sistema\u2026 <span class=\"read-more\"><a href=\"https:\/\/consuladobarcelona.gob.ve\/webalterna\/pdte-maduro-seguimos-garantizando-recuperacion-y-educacion-a-pesar-de-los-ataques\/\">Leer m\u00e1s &raquo;<\/a><\/span><\/p>\n","protected":false},"author":3,"featured_media":927,"comment_status":"closed","ping_status":"closed","sticky":false,"template":"","format":"standard","meta":{"footnotes":""},"categories":[5],"tags":[],"class_list":["post-926","post","type-post","status-publish","format-standard","has-post-thumbnail","hentry","category-noticias"],"_links":{"self":[{"href":"https:\/\/consuladobarcelona.gob.ve\/webalterna\/wp-json\/wp\/v2\/posts\/926","targetHints":{"allow":["GET"]}}],"collection":[{"href":"https:\/\/consuladobarcelona.gob.ve\/webalterna\/wp-json\/wp\/v2\/posts"}],"about":[{"href":"https:\/\/consuladobarcelona.gob.ve\/webalterna\/wp-json\/wp\/v2\/types\/post"}],"author":[{"embeddable":true,"href":"https:\/\/consuladobarcelona.gob.ve\/webalterna\/wp-json\/wp\/v2\/users\/3"}],"replies":[{"embeddable":true,"href":"https:\/\/consuladobarcelona.gob.ve\/webalterna\/wp-json\/wp\/v2\/comments?post=926"}],"version-history":[{"count":1,"href":"https:\/\/consuladobarcelona.gob.ve\/webalterna\/wp-json\/wp\/v2\/posts\/926\/revisions"}],"predecessor-version":[{"id":928,"href":"https:\/\/consuladobarcelona.gob.ve\/webalterna\/wp-json\/wp\/v2\/posts\/926\/revisions\/928"}],"wp:featuredmedia":[{"embeddable":true,"href":"https:\/\/consuladobarcelona.gob.ve\/webalterna\/wp-json\/wp\/v2\/media\/927"}],"wp:attachment":[{"href":"https:\/\/consuladobarcelona.gob.ve\/webalterna\/wp-json\/wp\/v2\/media?parent=926"}],"wp:term":[{"taxonomy":"category","embeddable":true,"href":"https:\/\/consuladobarcelona.gob.ve\/webalterna\/wp-json\/wp\/v2\/categories?post=926"},{"taxonomy":"post_tag","embeddable":true,"href":"https:\/\/consuladobarcelona.gob.ve\/webalterna\/wp-json\/wp\/v2\/tags?post=926"}],"curies":[{"name":"wp","href":"https:\/\/api.w.org\/{rel}","templated":true}]}}