{"id":917,"date":"2019-04-04T13:33:03","date_gmt":"2019-04-04T12:33:03","guid":{"rendered":"http:\/\/consuladobarcelona.gob.ve\/webalterna\/?p=917"},"modified":"2019-04-04T13:33:03","modified_gmt":"2019-04-04T12:33:03","slug":"venezuela-rechaza-declaraciones-de-algunos-gobiernos-sobre-caso-juan-guaido","status":"publish","type":"post","link":"https:\/\/consuladobarcelona.gob.ve\/webalterna\/venezuela-rechaza-declaraciones-de-algunos-gobiernos-sobre-caso-juan-guaido\/","title":{"rendered":"Venezuela rechaza declaraciones de algunos gobiernos sobre caso Juan Guaid\u00f3"},"content":{"rendered":"<p>El Gobierno de la Rep\u00fablica Bolivariana rechaza por\u00a0absurdas y carentes de rigor las declaraciones de algunos Gobiernos que han cuestionado la leg\u00edtima decisi\u00f3n adoptada el d\u00eda de ayer por la soberana Asamblea Nacional Constituyente de Venezuela, en relaci\u00f3n al caso de Juan Guaid\u00f3 M\u00e1rquez, diputado al parlamento venezolano.<span id=\"more-62420\"><\/span><\/p>\n<p>Se trata de una decisi\u00f3n plenamente apegada a derecho y derivada del proceso iniciado el pasado 29 de enero cuando el Tribunal Supremo de Justicia abri\u00f3 una averiguaci\u00f3n al mencionado ciudadano por la presunta comisi\u00f3n de varios delitos relacionados con los actos violentos ocurridos a partir del 22 de enero.<\/p>\n<p>Las medidas acordadas hacia el ciudadano Guaid\u00f3 fueron sistem\u00e1ticamente violadas por \u00e9ste, en abierto y desafiante desacato al Poder Judicial, raz\u00f3n por la cual el m\u00e1ximo tribunal del pa\u00eds, en sentencia del 1 de abril, ratific\u00f3 las medidas cautelares, y acord\u00f3 solicitar la continuidad del juicio mediante el allanamiento a la inmunidad parlamentaria.<\/p>\n<p>En este caso la Asamblea Nacional Constituyente ha respondido favorablemente a la solicitud del m\u00e1ximo Tribunal de la Rep\u00fablica para dar continuidad al proceso de investigaci\u00f3n en contra del mencionado ciudadano.<\/p>\n<p>Resulta absolutamente repudiable que altos voceros de diversos Gobiernos y organismos internacionales contin\u00faen practicando un vergonzoso intervencionismo en los asuntos internos de Venezuela, en este caso en la aplicaci\u00f3n de nuestra legislaci\u00f3n interna, violando abiertamente el Derecho Internacional P\u00fablico, irrespetando las instituciones democr\u00e1ticas de Venezuela y al Pueblo venezolano.<\/p>\n<p>El Gobierno Bolivariano de Venezuela exige de manera firme a quienes pretenden seguir practicando este in\u00fatil, trasnochado\u00a0 e ineficaz injerencismo en los asuntos de Venezuela que cesen en su actitud hostil, y se sumen al conjunto mayoritario de las naciones del mundo que respetan la institucionalidad democr\u00e1tica venezolana y promueven una soluci\u00f3n pol\u00edtica dialogada entre los venezolanos.<\/p>\n<p>Caracas, 03 de abril de 2019<\/p>\n","protected":false},"excerpt":{"rendered":"<p>El Gobierno de la Rep\u00fablica Bolivariana rechaza por\u00a0absurdas y carentes de rigor las declaraciones de algunos Gobiernos que han cuestionado la leg\u00edtima decisi\u00f3n adoptada el d\u00eda de ayer por la soberana Asamblea Nacional Constituyente de Venezuela, en relaci\u00f3n al caso de Juan Guaid\u00f3 M\u00e1rquez, diputado al parlamento venezolano. Se trata de una decisi\u00f3n plenamente apegada\u2026 <span class=\"read-more\"><a href=\"https:\/\/consuladobarcelona.gob.ve\/webalterna\/venezuela-rechaza-declaraciones-de-algunos-gobiernos-sobre-caso-juan-guaido\/\">Leer m\u00e1s &raquo;<\/a><\/span><\/p>\n","protected":false},"author":3,"featured_media":918,"comment_status":"closed","ping_status":"closed","sticky":false,"template":"","format":"standard","meta":{"footnotes":""},"categories":[5],"tags":[],"class_list":["post-917","post","type-post","status-publish","format-standard","has-post-thumbnail","hentry","category-noticias"],"_links":{"self":[{"href":"https:\/\/consuladobarcelona.gob.ve\/webalterna\/wp-json\/wp\/v2\/posts\/917","targetHints":{"allow":["GET"]}}],"collection":[{"href":"https:\/\/consuladobarcelona.gob.ve\/webalterna\/wp-json\/wp\/v2\/posts"}],"about":[{"href":"https:\/\/consuladobarcelona.gob.ve\/webalterna\/wp-json\/wp\/v2\/types\/post"}],"author":[{"embeddable":true,"href":"https:\/\/consuladobarcelona.gob.ve\/webalterna\/wp-json\/wp\/v2\/users\/3"}],"replies":[{"embeddable":true,"href":"https:\/\/consuladobarcelona.gob.ve\/webalterna\/wp-json\/wp\/v2\/comments?post=917"}],"version-history":[{"count":1,"href":"https:\/\/consuladobarcelona.gob.ve\/webalterna\/wp-json\/wp\/v2\/posts\/917\/revisions"}],"predecessor-version":[{"id":919,"href":"https:\/\/consuladobarcelona.gob.ve\/webalterna\/wp-json\/wp\/v2\/posts\/917\/revisions\/919"}],"wp:featuredmedia":[{"embeddable":true,"href":"https:\/\/consuladobarcelona.gob.ve\/webalterna\/wp-json\/wp\/v2\/media\/918"}],"wp:attachment":[{"href":"https:\/\/consuladobarcelona.gob.ve\/webalterna\/wp-json\/wp\/v2\/media?parent=917"}],"wp:term":[{"taxonomy":"category","embeddable":true,"href":"https:\/\/consuladobarcelona.gob.ve\/webalterna\/wp-json\/wp\/v2\/categories?post=917"},{"taxonomy":"post_tag","embeddable":true,"href":"https:\/\/consuladobarcelona.gob.ve\/webalterna\/wp-json\/wp\/v2\/tags?post=917"}],"curies":[{"name":"wp","href":"https:\/\/api.w.org\/{rel}","templated":true}]}}