{"id":905,"date":"2019-04-02T09:31:06","date_gmt":"2019-04-02T08:31:06","guid":{"rendered":"http:\/\/consuladobarcelona.gob.ve\/webalterna\/?p=905"},"modified":"2019-04-02T09:37:03","modified_gmt":"2019-04-02T08:37:03","slug":"chavismo-y-oposicion-marcharan-el-6-de-abril-cabello-nuestra-apuesta-es-la-paz","status":"publish","type":"post","link":"https:\/\/consuladobarcelona.gob.ve\/webalterna\/chavismo-y-oposicion-marcharan-el-6-de-abril-cabello-nuestra-apuesta-es-la-paz\/","title":{"rendered":"Chavismo y oposici\u00f3n marchar\u00e1n el 6 de abril. Cabello: \u00abNuestra apuesta es la Paz\u00bb"},"content":{"rendered":"<p>El presidente de la Asamblea Nacional Constituyente y vicepresidente del Partido Socialista Unido de Venezuela (Psuv), Diosdado Cabello inform\u00f3 que el pr\u00f3ximo 6 de abril el chavismo tomar\u00e1 las calles del pa\u00eds, fecha en que la oposici\u00f3n tambi\u00e9n est\u00e1 convocada a marchar.\u00a0\u00abNosotros nos vamos a mover este 6 de abril en todo el territorio nacional. Lo m\u00e1s bonito de nuestras movilizaciones son las caras de la gente, ah\u00ed no hay amargura\u00bb, asever\u00f3.<\/p>\n<p>Cabello dijo que ante los ataques que \u00abnuestra propuesta siempre ser\u00e1 la de la Paz. Seguiremos organiz\u00e1ndonos y chequeando cada acci\u00f3n por la paz. La agenda violenta la tiene la oposici\u00f3n en la mesa desde que se sabe derrotada\u00bb.<\/p>\n<p>\u00abNosotros s\u00ed le tememos a una guerra civil, por eso debemos prepararnos todos los d\u00edas en caso de llegar a un evento de esa naturaleza\u00bb expres\u00f3.<\/p>\n<p class=\"\">\u00abA pesar de los ataques, este pueblo se mueve con alegr\u00eda (&#8230;)\u00a0La derecha destruy\u00f3 la Constituci\u00f3n y crearon un estatuto a su medida, para eso hay justicia.\u00a0Guaid\u00f3 es un problema para la oposici\u00f3n, de presidente encargado pas\u00f3 a precandidato presidencial\u00bb, refiri\u00f3.<\/p>\n<p class=\"\">El dirigente n\u00famero dos del chavismo, explic\u00f3 que \u00abnosotros no estamos peleando con el autoproclamado sino con su jefe, el imperialismo\u00bb. \u00abHacemos un reconocimiento a la actitud de nuestro pueblo que no se ha rendido ante nada. Quienes hacen fiesta porque se va la luz lo consideran una victoria. La victoria se logra con esfuerzo\u00bb, agreg\u00f3.<\/p>\n<p>Ya el pasado 30 de marzo, miles de venezolanos salieron a las calles de Caracas para mostrar su apoyo al presidente del pa\u00eds caribe\u00f1o, Nicol\u00e1s Maduro. La manifestaci\u00f3n se llev\u00f3 a cabo en el marco de la denominada Operaci\u00f3n Popular en Defensa de la Libertad. Los participantes ondearon la bandera nacional durante la marcha y cantaron a pleno pulm\u00f3n.<\/p>\n<div class=\"b-article__text\"><\/div>\n","protected":false},"excerpt":{"rendered":"<p>El presidente de la Asamblea Nacional Constituyente y vicepresidente del Partido Socialista Unido de Venezuela (Psuv), Diosdado Cabello inform\u00f3 que el pr\u00f3ximo 6 de abril el chavismo tomar\u00e1 las calles del pa\u00eds, fecha en que la oposici\u00f3n tambi\u00e9n est\u00e1 convocada a marchar.\u00a0\u00abNosotros nos vamos a mover este 6 de abril en todo el territorio nacional.\u2026 <span class=\"read-more\"><a href=\"https:\/\/consuladobarcelona.gob.ve\/webalterna\/chavismo-y-oposicion-marcharan-el-6-de-abril-cabello-nuestra-apuesta-es-la-paz\/\">Leer m\u00e1s &raquo;<\/a><\/span><\/p>\n","protected":false},"author":3,"featured_media":906,"comment_status":"closed","ping_status":"closed","sticky":false,"template":"","format":"standard","meta":{"footnotes":""},"categories":[5,1],"tags":[],"class_list":["post-905","post","type-post","status-publish","format-standard","has-post-thumbnail","hentry","category-noticias","category-sin-categoria"],"_links":{"self":[{"href":"https:\/\/consuladobarcelona.gob.ve\/webalterna\/wp-json\/wp\/v2\/posts\/905","targetHints":{"allow":["GET"]}}],"collection":[{"href":"https:\/\/consuladobarcelona.gob.ve\/webalterna\/wp-json\/wp\/v2\/posts"}],"about":[{"href":"https:\/\/consuladobarcelona.gob.ve\/webalterna\/wp-json\/wp\/v2\/types\/post"}],"author":[{"embeddable":true,"href":"https:\/\/consuladobarcelona.gob.ve\/webalterna\/wp-json\/wp\/v2\/users\/3"}],"replies":[{"embeddable":true,"href":"https:\/\/consuladobarcelona.gob.ve\/webalterna\/wp-json\/wp\/v2\/comments?post=905"}],"version-history":[{"count":1,"href":"https:\/\/consuladobarcelona.gob.ve\/webalterna\/wp-json\/wp\/v2\/posts\/905\/revisions"}],"predecessor-version":[{"id":907,"href":"https:\/\/consuladobarcelona.gob.ve\/webalterna\/wp-json\/wp\/v2\/posts\/905\/revisions\/907"}],"wp:featuredmedia":[{"embeddable":true,"href":"https:\/\/consuladobarcelona.gob.ve\/webalterna\/wp-json\/wp\/v2\/media\/906"}],"wp:attachment":[{"href":"https:\/\/consuladobarcelona.gob.ve\/webalterna\/wp-json\/wp\/v2\/media?parent=905"}],"wp:term":[{"taxonomy":"category","embeddable":true,"href":"https:\/\/consuladobarcelona.gob.ve\/webalterna\/wp-json\/wp\/v2\/categories?post=905"},{"taxonomy":"post_tag","embeddable":true,"href":"https:\/\/consuladobarcelona.gob.ve\/webalterna\/wp-json\/wp\/v2\/tags?post=905"}],"curies":[{"name":"wp","href":"https:\/\/api.w.org\/{rel}","templated":true}]}}