{"id":902,"date":"2019-04-02T09:19:00","date_gmt":"2019-04-02T08:19:00","guid":{"rendered":"http:\/\/consuladobarcelona.gob.ve\/webalterna\/?p=902"},"modified":"2019-04-02T09:19:00","modified_gmt":"2019-04-02T08:19:00","slug":"nicolas-maduro-designo-al-ingeniero-igor-gavidia-como-nuevo-ministro-de-energia-electrica","status":"publish","type":"post","link":"https:\/\/consuladobarcelona.gob.ve\/webalterna\/nicolas-maduro-designo-al-ingeniero-igor-gavidia-como-nuevo-ministro-de-energia-electrica\/","title":{"rendered":"Nicol\u00e1s Maduro design\u00f3 al ingeniero Igor Gavidia como nuevo ministro de Energ\u00eda El\u00e9ctrica"},"content":{"rendered":"<p>El presidente de Venezuela, Nicol\u00e1s Maduro, design\u00f3 este lunes a Igor Gavidia como nuevo ministro de Energ\u00eda El\u00e9ctrica,\u00a0en sustituci\u00f3n de Luis Motta Dom\u00ednguez. El nombramiento llega cuando Caracas ha denunciado ataques constantes al sistema el\u00e9ctrico nacional, que han provocado largos apagones en el pa\u00eds desde el pasado 7 de marzo. Gavidia tambi\u00e9n presidir\u00e1 la Corporaci\u00f3n El\u00e9ctrica Nacional (Corpoelec).<\/p>\n<p>\u00abA\u00a0partir de hoy asume el Ministerio de Energ\u00eda El\u00e9ctrica, sus funciones y asume la presidencia de Corpoelec para el plan especial administrado y para la\u00a0 nueva etapa que tenemos que abrir de derrota definitiva de toda la guerra el\u00e9ctrica, de estabilizaci\u00f3n del sistema el\u00e9ctrico del pa\u00eds\u00bb, inform\u00f3 Maduro, tras detallar que Gavidia tiene 25 a\u00f1os de experiencia en la industria.<\/p>\n<p>El nuevo jefe de la cartera es\u00a0ingeniero el\u00e9ctrico egresado de la Universidad Central de Venezuela (UCV), trabajador de la industria y durante sus a\u00f1os de experiencia estuvo al frente de la presidencia de\u00a0Electrificaci\u00f3n del Caron\u00ed (EDELCA) y el Centro Nacional de Despacho de Carga El\u00e9ctrica.<\/p>\n<p>\u00abEs un hombre conocedor de la industria el\u00e9ctrica quien est\u00e1 al frente del equipo que conduce la vicepresidenta, Delcy Rodr\u00edguez\u00bb, precis\u00f3 el Jefe de Estado.<\/p>\n<p>Adem\u00e1s de la nueva designaci\u00f3n en el ministerio de Energ\u00eda El\u00e9ctrica, el mandatario anunci\u00f3 la reactivaci\u00f3n como ministerio de la cartera de Ciencia y Tecnolog\u00eda, que estar\u00e1 encabezada por Freddy Britto. De igual forma, anunci\u00f3 que el ministro de\u00a0Interior y Justicia, N\u00e9stor Reverol, quedar\u00e1 al frente del Estado Mayor El\u00e9ctrico, que se activar\u00e1 \u00aben todos los estados del pa\u00eds, presididos por los gobernadores y protectores\u00bb.<\/p>\n<p>El presidente venezolano tambi\u00e9n\u00a0inform\u00f3 que las actividades educativas se reanudar\u00e1n este mi\u00e9rcoles:\u00a0\u00abEn medio la batalla es necesario volver a clases (&#8230;) es volver a clases en resistencia\u00bb, puntualiz\u00f3. Este lunes, las empresas p\u00fablicas y privadas tuvieron jornadas laborales parciales hasta las 2:00 de la tarde, como medida de contingencia para contribuir al ahorro energ\u00e9tico.<\/p>\n<p>El pasado fin de semana, Maduro\u00a0anunci\u00f3 un plan de 30 d\u00edas \u00abpara ir a un r\u00e9gimen de administraci\u00f3n de carga entre los procesos de generaci\u00f3n, de transmisi\u00f3n y de servicio y consumo el\u00e9ctrico\u00bb, debido a las severas afectaciones en la Hidroel\u00e9ctrica de Guri, que surte de energ\u00eda a 70 % del pa\u00eds, tras los ataques \u00abcibern\u00e9ticos y electromagn\u00e9ticos\u00bb que ha sufrido el sistema desde el mes pasado. Maduro, denunci\u00f3 que el sistema el\u00e9ctrico venezolano est\u00e1 recibiendo ataques constantes desde el 7 de marzo, por parte de una \u201coposici\u00f3n golpista\u201dque quiere \u201cgenerar violencia y caos\u201d, \u201cunos monstruos\u201d que quieren \u201cvolver loco al pueblo\u201d y \u201cdestruir Venezuela\u201d.<\/p>\n","protected":false},"excerpt":{"rendered":"<p>El presidente de Venezuela, Nicol\u00e1s Maduro, design\u00f3 este lunes a Igor Gavidia como nuevo ministro de Energ\u00eda El\u00e9ctrica,\u00a0en sustituci\u00f3n de Luis Motta Dom\u00ednguez. El nombramiento llega cuando Caracas ha denunciado ataques constantes al sistema el\u00e9ctrico nacional, que han provocado largos apagones en el pa\u00eds desde el pasado 7 de marzo. Gavidia tambi\u00e9n presidir\u00e1 la Corporaci\u00f3n\u2026 <span class=\"read-more\"><a href=\"https:\/\/consuladobarcelona.gob.ve\/webalterna\/nicolas-maduro-designo-al-ingeniero-igor-gavidia-como-nuevo-ministro-de-energia-electrica\/\">Leer m\u00e1s &raquo;<\/a><\/span><\/p>\n","protected":false},"author":3,"featured_media":903,"comment_status":"closed","ping_status":"closed","sticky":false,"template":"","format":"standard","meta":{"footnotes":""},"categories":[5],"tags":[],"class_list":["post-902","post","type-post","status-publish","format-standard","has-post-thumbnail","hentry","category-noticias"],"_links":{"self":[{"href":"https:\/\/consuladobarcelona.gob.ve\/webalterna\/wp-json\/wp\/v2\/posts\/902","targetHints":{"allow":["GET"]}}],"collection":[{"href":"https:\/\/consuladobarcelona.gob.ve\/webalterna\/wp-json\/wp\/v2\/posts"}],"about":[{"href":"https:\/\/consuladobarcelona.gob.ve\/webalterna\/wp-json\/wp\/v2\/types\/post"}],"author":[{"embeddable":true,"href":"https:\/\/consuladobarcelona.gob.ve\/webalterna\/wp-json\/wp\/v2\/users\/3"}],"replies":[{"embeddable":true,"href":"https:\/\/consuladobarcelona.gob.ve\/webalterna\/wp-json\/wp\/v2\/comments?post=902"}],"version-history":[{"count":1,"href":"https:\/\/consuladobarcelona.gob.ve\/webalterna\/wp-json\/wp\/v2\/posts\/902\/revisions"}],"predecessor-version":[{"id":904,"href":"https:\/\/consuladobarcelona.gob.ve\/webalterna\/wp-json\/wp\/v2\/posts\/902\/revisions\/904"}],"wp:featuredmedia":[{"embeddable":true,"href":"https:\/\/consuladobarcelona.gob.ve\/webalterna\/wp-json\/wp\/v2\/media\/903"}],"wp:attachment":[{"href":"https:\/\/consuladobarcelona.gob.ve\/webalterna\/wp-json\/wp\/v2\/media?parent=902"}],"wp:term":[{"taxonomy":"category","embeddable":true,"href":"https:\/\/consuladobarcelona.gob.ve\/webalterna\/wp-json\/wp\/v2\/categories?post=902"},{"taxonomy":"post_tag","embeddable":true,"href":"https:\/\/consuladobarcelona.gob.ve\/webalterna\/wp-json\/wp\/v2\/tags?post=902"}],"curies":[{"name":"wp","href":"https:\/\/api.w.org\/{rel}","templated":true}]}}