{"id":898,"date":"2019-04-01T14:53:49","date_gmt":"2019-04-01T13:53:49","guid":{"rendered":"http:\/\/consuladobarcelona.gob.ve\/webalterna\/?p=898"},"modified":"2019-04-01T14:53:49","modified_gmt":"2019-04-01T13:53:49","slug":"anuncian-plan-de-administracion-de-carga-electrica-en-venezuela","status":"publish","type":"post","link":"https:\/\/consuladobarcelona.gob.ve\/webalterna\/anuncian-plan-de-administracion-de-carga-electrica-en-venezuela\/","title":{"rendered":"Anuncian plan de administraci\u00f3n de carga el\u00e9ctrica en Venezuela"},"content":{"rendered":"<p>En el marco de un discurso a la naci\u00f3n para tratar el tema de los apagones, la recuperaci\u00f3n del Sistema El\u00e9ctrico Nacional (SEN) y el abastecimiento de agua a la poblaci\u00f3n, el presidente de Venezuela, Nicol\u00e1s Maduro, denunci\u00f3 este domingo que el sistema el\u00e9ctrico venezolano est\u00e1 recibiendo ataques constantes desde el 7 de marzo, por parte de una \u00aboposici\u00f3n golpista\u00bbque quiere \u00abgenerar violencia y caos\u00bb, \u00abunos monstruos\u00bb que quieren \u00abvolver loco al pueblo\u00bb y \u00abdestruir Venezuela\u00bb. Igualmente, anunci\u00f3 un plan de administraci\u00f3n de carga el\u00e9ctrica de 30 d\u00edas para la restauraci\u00f3n del servicio el\u00e9ctrico en el pa\u00eds.<\/p>\n<p>El Pdte. Maduro dijo que en las \u00faltimas horas han logrado reponer el servicio en algunos lugares por m\u00e1s tiempo que otros, pese a que el s\u00e1bado el sistema el\u00e9ctrico sufri\u00f3 un nuevo ataque. \u00abInmediatamente comenzamos los trabajos de recuperaci\u00f3n con cient\u00edficos, ingenieros y &#8216;hackers&#8217; para liberar el cerebro del SEN, que fue penetrado por virus desde EE.UU.\u00bb, asegur\u00f3 el l\u00edder venezolano. Seg\u00fan sus palabras, tras la restauraci\u00f3n del servicio, \u00abel 25 de marzo empez\u00f3 una nueva etapa de ataques\u00bb. El mandatario estim\u00f3 que el ataque efectuado este viernes contra las l\u00edneas de transmisi\u00f3n \u00abfue brutal\u00bb y \u00abcombin\u00f3 elementos electromagn\u00e9ticos y elementos de infiltraci\u00f3n en Corpoelec\u00bb que actualmente est\u00e1n siendo investigados. \u00abSufrimos un ataque brutal que est\u00e1 siendo investigado por su capacidad de da\u00f1o. Estamos investigando elementos de infiltraci\u00f3n dentro del servicio el\u00e9ctrico que pueden estar sirviendo de topos para da\u00f1ar desde adentro\u00bb, advirti\u00f3 el jefe de Estado.<\/p>\n<p>El presidente Nicol\u00e1s Maduro, anunci\u00f3 que ser\u00e1 implementado un nuevo plan\u00a0durante 30 d\u00edas de administraci\u00f3n de carga para combatir la guerra el\u00e9ctrica ejecutada en contra de la poblaci\u00f3n y restaurar el servicio el\u00e9ctrico en el pa\u00eds. \u00abHe aprobado un plan de 30 d\u00edas para ir a un r\u00e9gimen de administraci\u00f3n de carga, de equilibrio en el proceso de generaci\u00f3n, de transmisi\u00f3n segura y de servicio y consumo a lo largo y ancho del pa\u00eds\u00bb, indic\u00f3. Llam\u00f3 a los trabajadores a salir a trabajar el lunes medio turno, hasta las 14:00 hora local y pidi\u00f3 a los ministros garantizar el transporte p\u00fablico, ante la suspensi\u00f3n, en el caso de Caracas, del metro. \u00abEl pa\u00eds debe seguir su vida cotidiana, defendiendo la paz (\u2026) mientras resolvemos los da\u00f1os brutales que han hecho los ataques terroristas contra el sistema el\u00e9ctrico\u00bb, agreg\u00f3. Adem\u00e1s, pidi\u00f3 a los gobernadores y alcaldes incorporarse al plan de contingencia especial para atender a la poblaci\u00f3n con el suministro de agua, mientras se mantiene el plan de racionamiento de electricidad. \u00abLlamo tambi\u00e9n a los privados que tienen camiones para apoyar con estas cisternas, que se incorporen\u00bb.<\/p>\n<p>Camiones cisterna han sido desplegados en diversos puntos\u00a0del territorio nacional y prioritariamente en hospitales y centros de salud ante los problemas en el sistema de suministro de agua potable, que depende en un 95 % de la energ\u00eda el\u00e9ctrica.<\/p>\n<p>En lo que va de marzo, se han registrado en Venezuela dos apagones nacionales. El ministro de Comunicaci\u00f3n e Informaci\u00f3n, Jorge Rodr\u00edguez, asegur\u00f3 el jueves 28 que en lo que va de mes el sistema el\u00e9ctrico nacional ha sufrido cuatro ataques. Rodr\u00edguez detall\u00f3 que el primero fue el pasado 7 de marzo, con un ataque cibern\u00e9tico, seguido de uno electromagn\u00e9tico el 9, y dos f\u00edsicos el del 11 en Caracas y el del 25, que provoc\u00f3 el segundo apag\u00f3n general. El Gobierno ha asegurado que el presunto plan de ataque buscaba afectar todo el patio de transmisi\u00f3n para destruirlo y dejar al pa\u00eds sin electricidad por meses. Por su parte, el mandatario Nicol\u00e1s Maduro, dijo que el ataque contra la central hidroel\u00e9ctrica Guri, estado Bol\u00edvar (sur) que provoc\u00f3 el segundo apag\u00f3n general en Venezuela el lunes 25 fue muy grave y se perpetr\u00f3 con fusil. El apag\u00f3n m\u00e1s reciente se produjo la noche del 30 de marzo, dejando sin luz a una docena de estados venezolanos.<\/p>\n","protected":false},"excerpt":{"rendered":"<p>En el marco de un discurso a la naci\u00f3n para tratar el tema de los apagones, la recuperaci\u00f3n del Sistema El\u00e9ctrico Nacional (SEN) y el abastecimiento de agua a la poblaci\u00f3n, el presidente de Venezuela, Nicol\u00e1s Maduro, denunci\u00f3 este domingo que el sistema el\u00e9ctrico venezolano est\u00e1 recibiendo ataques constantes desde el 7 de marzo, por\u2026 <span class=\"read-more\"><a href=\"https:\/\/consuladobarcelona.gob.ve\/webalterna\/anuncian-plan-de-administracion-de-carga-electrica-en-venezuela\/\">Leer m\u00e1s &raquo;<\/a><\/span><\/p>\n","protected":false},"author":3,"featured_media":899,"comment_status":"closed","ping_status":"closed","sticky":false,"template":"","format":"standard","meta":{"footnotes":""},"categories":[5],"tags":[],"class_list":["post-898","post","type-post","status-publish","format-standard","has-post-thumbnail","hentry","category-noticias"],"_links":{"self":[{"href":"https:\/\/consuladobarcelona.gob.ve\/webalterna\/wp-json\/wp\/v2\/posts\/898","targetHints":{"allow":["GET"]}}],"collection":[{"href":"https:\/\/consuladobarcelona.gob.ve\/webalterna\/wp-json\/wp\/v2\/posts"}],"about":[{"href":"https:\/\/consuladobarcelona.gob.ve\/webalterna\/wp-json\/wp\/v2\/types\/post"}],"author":[{"embeddable":true,"href":"https:\/\/consuladobarcelona.gob.ve\/webalterna\/wp-json\/wp\/v2\/users\/3"}],"replies":[{"embeddable":true,"href":"https:\/\/consuladobarcelona.gob.ve\/webalterna\/wp-json\/wp\/v2\/comments?post=898"}],"version-history":[{"count":1,"href":"https:\/\/consuladobarcelona.gob.ve\/webalterna\/wp-json\/wp\/v2\/posts\/898\/revisions"}],"predecessor-version":[{"id":900,"href":"https:\/\/consuladobarcelona.gob.ve\/webalterna\/wp-json\/wp\/v2\/posts\/898\/revisions\/900"}],"wp:featuredmedia":[{"embeddable":true,"href":"https:\/\/consuladobarcelona.gob.ve\/webalterna\/wp-json\/wp\/v2\/media\/899"}],"wp:attachment":[{"href":"https:\/\/consuladobarcelona.gob.ve\/webalterna\/wp-json\/wp\/v2\/media?parent=898"}],"wp:term":[{"taxonomy":"category","embeddable":true,"href":"https:\/\/consuladobarcelona.gob.ve\/webalterna\/wp-json\/wp\/v2\/categories?post=898"},{"taxonomy":"post_tag","embeddable":true,"href":"https:\/\/consuladobarcelona.gob.ve\/webalterna\/wp-json\/wp\/v2\/tags?post=898"}],"curies":[{"name":"wp","href":"https:\/\/api.w.org\/{rel}","templated":true}]}}