{"id":894,"date":"2019-04-01T14:25:53","date_gmt":"2019-04-01T13:25:53","guid":{"rendered":"http:\/\/consuladobarcelona.gob.ve\/webalterna\/?p=894"},"modified":"2019-04-01T14:55:11","modified_gmt":"2019-04-01T13:55:11","slug":"sigue-el-trabajo-de-la-plataforma-catalana-de-solidaridad-con-venezuela","status":"publish","type":"post","link":"https:\/\/consuladobarcelona.gob.ve\/webalterna\/sigue-el-trabajo-de-la-plataforma-catalana-de-solidaridad-con-venezuela\/","title":{"rendered":"Sigue el trabajo de la Plataforma Catalana de Solidaridad con Venezuela"},"content":{"rendered":"<p align=\"justify\">La Plataforma Catalana de Solidaridad con Venezuela trabaj\u00f3 esta semana en tres nuevas conferencias sobre la actualidad venezolana, en las que participaron el C\u00f3nsul General Ricardo Capella; el C\u00f3nsul Antonio Mart\u00ednez; el historiador V\u00edctor R\u00edos, quien tambi\u00e9n es Presidente de la Asamblea Bolivariana de Catalu\u00f1a; la polit\u00f3loga Aranxa Tirado; y miembros de la asociaci\u00f3n internacionalista Itaca.<\/p>\n<p align=\"justify\">La actividad m\u00e1s importante se dio en la ciudad de Zaragoza, donde un centenar de personas acudieron a la conferencia ofrecida por Capella, Tirado y un militante del Partido Comunista de Espa\u00f1a, en el marco de la novena edici\u00f3n de las \u00abJornadas de Marzo\u00bb del Centro de Historias de Zaragoza, donde bajo el lema \u2018Decimos Basta\u2019 se analizaron las problem\u00e1ticas que imposibilitan una vida digna en el sistema actual y las luchas que tratan de transformar esta situaci\u00f3n. Los ponentes hicieron un an\u00e1lisis de la situaci\u00f3n geopol\u00edtica mundial y pusieron encima de la mesa los motivos que llevan a atacar Venezuela y las herramientas que se est\u00e1n utilizando para tratar de dar un golpe de estado en el pa\u00eds. Tanto el C\u00f3nsul como la polit\u00f3loga, defendieron la Rep\u00fablica Bolivariana y condenaron los ataques que est\u00e1 recibiendo, que van desde la extracci\u00f3n de bienes clave hasta las amenazas de intervenci\u00f3n militar por parte de EEUU. La charla, denominada \u201cQu\u00e9 est\u00e1 pasando en Venezuela\u201d, fue organizada por la plataforma \u201cVenezuela Soberana\u201d.<\/p>\n<p align=\"justify\">La Plataforma Catalana de Solidaridad con Venezuela cuenta con m\u00e1s de treinta entidades comprometidas en defender la Paz y la Soberan\u00eda de la naci\u00f3n bolivariana. Se ocupa de difundir informaci\u00f3n veraz sobre la realidad venezolana a trav\u00e9s de entrevistas con medios de comunicaci\u00f3n locales, debates y conferencias. Adem\u00e1s, promueve la recolecci\u00f3n de firmas por la Paz de Venezuela, en el marco de la campa\u00f1a mundial #HandsOffVenezuela. Unos 7 representantes de la Plataforma regresaron recientemente de Caracas, donde participaron en la Asamblea Internacional de los Pueblos.<\/p>\n<p align=\"justify\"><span style=\"font-size: medium;\">El pasado <\/span><span style=\"font-size: medium;\">s\u00e1bado 30 de marzo, <\/span><span style=\"font-size: medium;\">s<\/span><span style=\"font-size: medium;\">e realiz\u00f3 <\/span><span style=\"font-size: medium;\">en<\/span><span style=\"font-size: medium;\"> el Ateneo Popular d\u2019Esporles, <\/span><span style=\"font-size: medium;\">en Baleares, <\/span>una \u201cJornada Bolivariana\u201d: una actividad de solidaridad con Venezuela con una fiesta al estilo venezolano, las tradicionales arepitas y la proyecci\u00f3n del reconocido documental \u00abla Revoluci\u00f3n no ser\u00e1 transmitida\u00bb, adem\u00e1s de una charla\/debate sobre la actualidad del pa\u00eds. El Ateneo dedic\u00f3 a Venezuela la primera de una serie de noches tem\u00e1ticas.<\/p>\n<p align=\"justify\">\n","protected":false},"excerpt":{"rendered":"<p>La Plataforma Catalana de Solidaridad con Venezuela trabaj\u00f3 esta semana en tres nuevas conferencias sobre la actualidad venezolana, en las que participaron el C\u00f3nsul General Ricardo Capella; el C\u00f3nsul Antonio Mart\u00ednez; el historiador V\u00edctor R\u00edos, quien tambi\u00e9n es Presidente de la Asamblea Bolivariana de Catalu\u00f1a; la polit\u00f3loga Aranxa Tirado; y miembros de la asociaci\u00f3n internacionalista\u2026 <span class=\"read-more\"><a href=\"https:\/\/consuladobarcelona.gob.ve\/webalterna\/sigue-el-trabajo-de-la-plataforma-catalana-de-solidaridad-con-venezuela\/\">Leer m\u00e1s &raquo;<\/a><\/span><\/p>\n","protected":false},"author":3,"featured_media":895,"comment_status":"closed","ping_status":"closed","sticky":false,"template":"","format":"standard","meta":{"footnotes":""},"categories":[5,1],"tags":[],"class_list":["post-894","post","type-post","status-publish","format-standard","has-post-thumbnail","hentry","category-noticias","category-sin-categoria"],"_links":{"self":[{"href":"https:\/\/consuladobarcelona.gob.ve\/webalterna\/wp-json\/wp\/v2\/posts\/894","targetHints":{"allow":["GET"]}}],"collection":[{"href":"https:\/\/consuladobarcelona.gob.ve\/webalterna\/wp-json\/wp\/v2\/posts"}],"about":[{"href":"https:\/\/consuladobarcelona.gob.ve\/webalterna\/wp-json\/wp\/v2\/types\/post"}],"author":[{"embeddable":true,"href":"https:\/\/consuladobarcelona.gob.ve\/webalterna\/wp-json\/wp\/v2\/users\/3"}],"replies":[{"embeddable":true,"href":"https:\/\/consuladobarcelona.gob.ve\/webalterna\/wp-json\/wp\/v2\/comments?post=894"}],"version-history":[{"count":2,"href":"https:\/\/consuladobarcelona.gob.ve\/webalterna\/wp-json\/wp\/v2\/posts\/894\/revisions"}],"predecessor-version":[{"id":897,"href":"https:\/\/consuladobarcelona.gob.ve\/webalterna\/wp-json\/wp\/v2\/posts\/894\/revisions\/897"}],"wp:featuredmedia":[{"embeddable":true,"href":"https:\/\/consuladobarcelona.gob.ve\/webalterna\/wp-json\/wp\/v2\/media\/895"}],"wp:attachment":[{"href":"https:\/\/consuladobarcelona.gob.ve\/webalterna\/wp-json\/wp\/v2\/media?parent=894"}],"wp:term":[{"taxonomy":"category","embeddable":true,"href":"https:\/\/consuladobarcelona.gob.ve\/webalterna\/wp-json\/wp\/v2\/categories?post=894"},{"taxonomy":"post_tag","embeddable":true,"href":"https:\/\/consuladobarcelona.gob.ve\/webalterna\/wp-json\/wp\/v2\/tags?post=894"}],"curies":[{"name":"wp","href":"https:\/\/api.w.org\/{rel}","templated":true}]}}