{"id":869,"date":"2019-03-29T16:39:06","date_gmt":"2019-03-29T15:39:06","guid":{"rendered":"http:\/\/consuladobarcelona.gob.ve\/webalterna\/?p=869"},"modified":"2019-03-29T16:39:06","modified_gmt":"2019-03-29T15:39:06","slug":"cataluna-con-venezuela-cup-esperamos-que-otras-instituciones-tambien-que-se-pronuncien","status":"publish","type":"post","link":"https:\/\/consuladobarcelona.gob.ve\/webalterna\/cataluna-con-venezuela-cup-esperamos-que-otras-instituciones-tambien-que-se-pronuncien\/","title":{"rendered":"Catalu\u00f1a con Venezuela. CUP: \u00abEsperamos que otras instituciones tambi\u00e9n que se pronuncien\u00bb"},"content":{"rendered":"<p align=\"justify\">El Parlamento de Catalu\u00f1a, en su Comisi\u00f3n de Asuntos Exteriores, aprob\u00f3 este jueves 28 de marzo una moci\u00f3n a favor de la paz y del di\u00e1logo en Venezuela, en la que se denuncia c\u00f3mo los recientes ataques a la soberan\u00eda del pa\u00eds caribe\u00f1o responden \u201cexclusivamente a los intereses de las grandes empresas multinacionales\u201d, intereses econ\u00f3micos \u201cajenos al pueblo venezolano\u201d. La moci\u00f3n fue propuesta por los partidos: Candidatura de Unidad Popular (CUP), Esquerra Republicana de Catalunya (ERC), Catalunya en Com\u00fa Podem (Catecp) y Junts per Catalunya (Jxcat),<\/p>\n<p align=\"justify\">En su intervenci\u00f3n, el diputado de la CUP, Carles Riera, explic\u00f3 que en Venezuela \u201cest\u00e1 en riesgo la soberan\u00eda nacional y popular, ante un intento de golpe de estado propiciado por Estados Unidos con el soporte del fascista Jair Bolsonaro, de la derecha latinoamericana y de las grandes corporaciones extractivistas\u201d. Por su parte, la diputada Susana Segovia, de Catalunya en Com\u00fa Podem, argument\u00f3 su apoyo a la moci\u00f3n expresando todo su rechazo a \u201ccualquier tipo de injerencia por razones geoestrat\u00e9gicas y econ\u00f3micas, como la de Estados Unidos y otros gobiernos que han apoyado a Juan Guaid\u00f3 frente al Presidente Constitucional de Venezuela que era, y sigue siendo, Nicol\u00e1s Maduro Moros\u201d.<\/p>\n<p align=\"justify\">El diputado Francesc De Dalmases, de JuntsXCat, equipar\u00f3 a Juan Guaid\u00f3 con el golpista del 11 de Abril de 2002, Pedro Carmona Estanga, por llevar a cabo \u00aboperaciones pol\u00edticas que nada tienen que ver con las transformaciones sociales del pueblo venezolano\u00bb. Ruben Wagensberg, diputado de Esquerra Republicana de Catalunya, asegur\u00f3 por su parte que el intento de golpe de Estado de Guaid\u00f3 fracas\u00f3, y que el Pdte. Nicol\u00e1s Maduro sigue manteniendo el control del pa\u00eds.<\/p>\n<p align=\"justify\">Finalmente, el Parlamento identific\u00f3 \u201cen el di\u00e1logo, en las urnas, en la negociaci\u00f3n, en la defensa de los derechos civiles y pol\u00edticos de la ciudadan\u00eda, y en el respeto de la soberan\u00eda nacional\u201d, las \u00fanicas salidas posibles a la crisis pol\u00edtica que acecha a Venezuela.<\/p>\n<p align=\"justify\">\u201cPara la CUP fue muy importante no solo impulsar esta moci\u00f3n sino tambi\u00e9n poder aprobarla, porque las instituciones europeas, o no se pronuncian respeto a esta injerencia, o se pronuncian a favor de Juan Guaid\u00f3, lo que para nosotros significa una vulneraci\u00f3n intolerable de los derechos pol\u00edticos del pueblo venezolano\u201d coment\u00f3 la diputada de la CUP, Mar\u00eda Sirvent. \u201cEsperamos que otras instituciones, organizaciones y movimientos tambi\u00e9n que se pronuncien p\u00fablicamente a favor de la soberan\u00eda de Venezuela, porque defender la soberan\u00eda de Venezuela significa apoyar la soberan\u00eda de todos los pueblos\u201d concluy\u00f3.<\/p>\n<p align=\"justify\">Venezuela vive momentos de profunda tensi\u00f3n pol\u00edtica desde que, el pasado 23 de enero, el diputado opositor Juan Guaid\u00f3 se autoproclam\u00f3 presidente interino del pa\u00eds, desconociendo el voto de los m\u00e1s de nueve millones de venezolanos que el 20 de mayo 2018 acudieron a las urnas para reelegir al Presidente Nicol\u00e1s Maduro Moros, quien result\u00f3 ganador con el 67 por ciento de los votos. Desde entonces, Estados Unidos y la Uni\u00f3n Europea han profundizado a\u00fan m\u00e1s el bloqueo econ\u00f3mico y financiero que mantienen contra Venezuela, y Washington ha amenazado con una intervenci\u00f3n militar para provocar un cambio de r\u00e9gimen en el pa\u00eds.<\/p>\n","protected":false},"excerpt":{"rendered":"<p>El Parlamento de Catalu\u00f1a, en su Comisi\u00f3n de Asuntos Exteriores, aprob\u00f3 este jueves 28 de marzo una moci\u00f3n a favor de la paz y del di\u00e1logo en Venezuela, en la que se denuncia c\u00f3mo los recientes ataques a la soberan\u00eda del pa\u00eds caribe\u00f1o responden \u201cexclusivamente a los intereses de las grandes empresas multinacionales\u201d, intereses econ\u00f3micos\u2026 <span class=\"read-more\"><a href=\"https:\/\/consuladobarcelona.gob.ve\/webalterna\/cataluna-con-venezuela-cup-esperamos-que-otras-instituciones-tambien-que-se-pronuncien\/\">Leer m\u00e1s &raquo;<\/a><\/span><\/p>\n","protected":false},"author":3,"featured_media":870,"comment_status":"closed","ping_status":"closed","sticky":false,"template":"","format":"standard","meta":{"footnotes":""},"categories":[5],"tags":[],"class_list":["post-869","post","type-post","status-publish","format-standard","has-post-thumbnail","hentry","category-noticias"],"_links":{"self":[{"href":"https:\/\/consuladobarcelona.gob.ve\/webalterna\/wp-json\/wp\/v2\/posts\/869","targetHints":{"allow":["GET"]}}],"collection":[{"href":"https:\/\/consuladobarcelona.gob.ve\/webalterna\/wp-json\/wp\/v2\/posts"}],"about":[{"href":"https:\/\/consuladobarcelona.gob.ve\/webalterna\/wp-json\/wp\/v2\/types\/post"}],"author":[{"embeddable":true,"href":"https:\/\/consuladobarcelona.gob.ve\/webalterna\/wp-json\/wp\/v2\/users\/3"}],"replies":[{"embeddable":true,"href":"https:\/\/consuladobarcelona.gob.ve\/webalterna\/wp-json\/wp\/v2\/comments?post=869"}],"version-history":[{"count":1,"href":"https:\/\/consuladobarcelona.gob.ve\/webalterna\/wp-json\/wp\/v2\/posts\/869\/revisions"}],"predecessor-version":[{"id":871,"href":"https:\/\/consuladobarcelona.gob.ve\/webalterna\/wp-json\/wp\/v2\/posts\/869\/revisions\/871"}],"wp:featuredmedia":[{"embeddable":true,"href":"https:\/\/consuladobarcelona.gob.ve\/webalterna\/wp-json\/wp\/v2\/media\/870"}],"wp:attachment":[{"href":"https:\/\/consuladobarcelona.gob.ve\/webalterna\/wp-json\/wp\/v2\/media?parent=869"}],"wp:term":[{"taxonomy":"category","embeddable":true,"href":"https:\/\/consuladobarcelona.gob.ve\/webalterna\/wp-json\/wp\/v2\/categories?post=869"},{"taxonomy":"post_tag","embeddable":true,"href":"https:\/\/consuladobarcelona.gob.ve\/webalterna\/wp-json\/wp\/v2\/tags?post=869"}],"curies":[{"name":"wp","href":"https:\/\/api.w.org\/{rel}","templated":true}]}}