{"id":866,"date":"2019-03-29T11:20:36","date_gmt":"2019-03-29T10:20:36","guid":{"rendered":"http:\/\/consuladobarcelona.gob.ve\/webalterna\/?p=866"},"modified":"2019-04-01T11:40:06","modified_gmt":"2019-04-01T10:40:06","slug":"nueva-victoria-de-venezuela-cataluna-aprueba-mocion-contra-el-golpe-de-estado","status":"publish","type":"post","link":"https:\/\/consuladobarcelona.gob.ve\/webalterna\/nueva-victoria-de-venezuela-cataluna-aprueba-mocion-contra-el-golpe-de-estado\/","title":{"rendered":"Nueva victoria de Venezuela: Catalu\u00f1a aprueba moci\u00f3n contra el Golpe de Estado"},"content":{"rendered":"<p align=\"justify\">El Parlamento de Catalu\u00f1a, en su Comisi\u00f3n de Asuntos Exteriores, aprob\u00f3 este jueves 28 de marzo una moci\u00f3n a favor de la paz y del di\u00e1logo en Venezuela, en la que se denuncia c\u00f3mo los recientes ataques a la soberan\u00eda del pa\u00eds caribe\u00f1o responden \u201cexclusivamente a los intereses de las grandes empresas multinacionales (&#8230;), ajenos al pueblo venezolano\u201d. La moci\u00f3n fue propuesta por los partidos Candidatura de Unidad Popular (CUP), Esquerra Republicana de Catalunya (ERC), Catalunya en Com\u00fa Podem (Catecp) y Junts per Catalunya (Jxcat).<\/p>\n<p align=\"justify\">\u00abEn Venezuela est\u00e1 en riesgo la soberan\u00eda nacional y popular, ante un intento de golpe de estado propiciado por Estados Unidos con el suporte del fascista Bolsonaro, de la derecha latinoamericana y de las grandes corporaciones estractivistas a escala global\u00bb denunci\u00f3 en su intervenci\u00f3n el diputado Carles Riera.<\/p>\n<p align=\"justify\">De acuerdo con el texto de la resoluci\u00f3n, el Parlamento de Catalu\u00f1a cataloga los recientes ataques a Venezuela como \u201cuna operaci\u00f3n pol\u00edtica que no respeta la soberan\u00eda venezolana y que tiene que ver con el control de la gesti\u00f3n de sus recursos\u201d, en particular el petr\u00f3leo. Asimismo, denuncia \u201cla imposici\u00f3n de intereses econ\u00f3micos ajenos al pueblo de Venezuela, que dibuja escenarios de Guerra Fr\u00eda\u201d y que responde \u201c\u00fanica y exclusivamente a los intereses de las grandes empresas multinacionales, sin tener en cuenta las necesidades, los derechos y las libertades de los pueblos\u201d. Finalmente, la Comisi\u00f3n del Parlamento identifica \u201cen el di\u00e1logo, en las urnas, en la negociaci\u00f3n, en la defensa de los derechos civiles y pol\u00edticos de la ciudadan\u00eda, y en el respeto de la soberan\u00eda nacional\u201d, las \u00fanicas salidas posibles a la crisis pol\u00edtica que acecha Venezuela.<\/p>\n<p align=\"justify\">La moci\u00f3n del Parlamento de Catalu\u00f1a se suma a la ya aprobada &#8211; a nivel municipal &#8211; por el pleno del Ayuntamiento del Municipio de Sant Boi de Llobregat, en la provincia de Barcelona, el pasado 22 de febrero. En ese caso se aprob\u00f3, sin ning\u00fan voto en contra, un texto a favor del di\u00e1logo y la soberan\u00eda de Venezuela, y en rechazo al bloqueo econ\u00f3mico y la intervenci\u00f3n militar extranjera contra el pa\u00eds. (M.V)<\/p>\n<p align=\"justify\"><b>Contexto:<\/b><\/p>\n<p align=\"justify\">Venezuela vive momentos de profunda tensi\u00f3n pol\u00edtica desde que, el pasado 23 de enero, el diputado opositor Juan Guaid\u00f3 se autoproclam\u00f3 presidente interino del pa\u00eds, desconociendo el voto de los m\u00e1s de nueve millones de venezolanos que el 20 de mayo 2018 acudieron a las urnas para reelegir al Presidente Nicol\u00e1s Maduro Moros, quien result\u00f3 ganador con el 67 por ciento de los votos. Desde entonces, Estados Unidos y la Uni\u00f3n Europea han profundizado a\u00fan m\u00e1s el bloqueo econ\u00f3mico y financiero que mantienen contra Venezuela, y Washington ha amenazado con una intervenci\u00f3n militar para provocar un cambio de r\u00e9gimen en el pa\u00eds.<\/p>\n","protected":false},"excerpt":{"rendered":"<p>El Parlamento de Catalu\u00f1a, en su Comisi\u00f3n de Asuntos Exteriores, aprob\u00f3 este jueves 28 de marzo una moci\u00f3n a favor de la paz y del di\u00e1logo en Venezuela, en la que se denuncia c\u00f3mo los recientes ataques a la soberan\u00eda del pa\u00eds caribe\u00f1o responden \u201cexclusivamente a los intereses de las grandes empresas multinacionales (&#8230;), ajenos\u2026 <span class=\"read-more\"><a href=\"https:\/\/consuladobarcelona.gob.ve\/webalterna\/nueva-victoria-de-venezuela-cataluna-aprueba-mocion-contra-el-golpe-de-estado\/\">Leer m\u00e1s &raquo;<\/a><\/span><\/p>\n","protected":false},"author":3,"featured_media":867,"comment_status":"closed","ping_status":"closed","sticky":false,"template":"","format":"standard","meta":{"footnotes":""},"categories":[5],"tags":[],"class_list":["post-866","post","type-post","status-publish","format-standard","has-post-thumbnail","hentry","category-noticias"],"_links":{"self":[{"href":"https:\/\/consuladobarcelona.gob.ve\/webalterna\/wp-json\/wp\/v2\/posts\/866","targetHints":{"allow":["GET"]}}],"collection":[{"href":"https:\/\/consuladobarcelona.gob.ve\/webalterna\/wp-json\/wp\/v2\/posts"}],"about":[{"href":"https:\/\/consuladobarcelona.gob.ve\/webalterna\/wp-json\/wp\/v2\/types\/post"}],"author":[{"embeddable":true,"href":"https:\/\/consuladobarcelona.gob.ve\/webalterna\/wp-json\/wp\/v2\/users\/3"}],"replies":[{"embeddable":true,"href":"https:\/\/consuladobarcelona.gob.ve\/webalterna\/wp-json\/wp\/v2\/comments?post=866"}],"version-history":[{"count":3,"href":"https:\/\/consuladobarcelona.gob.ve\/webalterna\/wp-json\/wp\/v2\/posts\/866\/revisions"}],"predecessor-version":[{"id":890,"href":"https:\/\/consuladobarcelona.gob.ve\/webalterna\/wp-json\/wp\/v2\/posts\/866\/revisions\/890"}],"wp:featuredmedia":[{"embeddable":true,"href":"https:\/\/consuladobarcelona.gob.ve\/webalterna\/wp-json\/wp\/v2\/media\/867"}],"wp:attachment":[{"href":"https:\/\/consuladobarcelona.gob.ve\/webalterna\/wp-json\/wp\/v2\/media?parent=866"}],"wp:term":[{"taxonomy":"category","embeddable":true,"href":"https:\/\/consuladobarcelona.gob.ve\/webalterna\/wp-json\/wp\/v2\/categories?post=866"},{"taxonomy":"post_tag","embeddable":true,"href":"https:\/\/consuladobarcelona.gob.ve\/webalterna\/wp-json\/wp\/v2\/tags?post=866"}],"curies":[{"name":"wp","href":"https:\/\/api.w.org\/{rel}","templated":true}]}}