{"id":7649,"date":"2022-07-06T16:00:24","date_gmt":"2022-07-06T15:00:24","guid":{"rendered":"https:\/\/consuladobarcelona.gob.ve\/webalterna\/?p=7649"},"modified":"2022-07-06T16:01:57","modified_gmt":"2022-07-06T15:01:57","slug":"venezuela-celebra-los-211-anos-de-la-independencia-y-dia-de-la-fanb","status":"publish","type":"post","link":"https:\/\/consuladobarcelona.gob.ve\/webalterna\/venezuela-celebra-los-211-anos-de-la-independencia-y-dia-de-la-fanb\/","title":{"rendered":"Celebran los 211 a\u00f1os de la Independencia y el D\u00eda de la Fuerza Armada Nacional Bolivariana"},"content":{"rendered":"<p>Desde el Paseo Monumental Los Pr\u00f3ceres de Caracas, este martes 5 de julio se realiz\u00f3 el <strong>Gran Desfile C\u00edvico-Militar<\/strong> por los 211 a\u00f1os de la Firma del Acta de Independencia, que en 1811 declar\u00f3 a Venezuela libre y soberana de todo dominio imperial.<\/p>\n<p>Las tropas de los componentes de la <strong>Fuerza Armada Nacional Bolivariana (FANB)<\/strong> junto al Poder Popular, manifiestan su compromiso para defender la independencia alcanzada por El Libertador Sim\u00f3n Bol\u00edvar y los h\u00e9roes patrios durante la lucha antiimperialista que se extendi\u00f3 por m\u00e1s de 20 a\u00f1os desde 1810, as\u00ed como la construcci\u00f3n de un ej\u00e9rcito patriota que hoy es la FANB y que tambi\u00e9n celebra su D\u00eda.<\/p>\n<p>El vicepresidente Sectorial de Soberan\u00eda, Seguridad y Paz y Ministro del Poder Popular para la Defensa, General en Jefe Vladimir Padrino L\u00f3pez, acompa\u00f1ado de la vicepresidenta Ejecutiva de la Rep\u00fablica, Delcy Rodr\u00edguez y los titulares de los Poderes P\u00fablicos, encabezaron la demostraci\u00f3n de la fuerza armada y del Pueblo venezolano organizado.<\/p>\n<p>El Presidente Nicol\u00e1s Maduro Moros, a trav\u00e9s de un mensaje transmitido en cadena nacional de Radio y TV, desde Miraflores, felicit\u00f3 a los hombres y mujeres en armas, as\u00ed como al pueblo que particip\u00f3 en las celebraciones, aup\u00e1ndoles a seguir defendiendo la libertad y la independencia de la Rep\u00fablica Bolivariana.<\/p>\n<p>\u201cQuerido pueblo en armas que marcha para celebrar la independencia de la Patria, en esta tierra sagrada y para refrendar el juramento de defenderla con la vida de ser necesario\u201d, dijo en la primera parte del mensaje, antes de autorizar el inicio de la ceremonia popular y militar.<\/p>\n<p>\u201cNos reunimos bajo el mismo cielo libre que nos cobija desde hace 211 a\u00f1os, los patriotas de todos los tiempos que con sacrificio y valor hemos venido construyendo el patrimonio de la rep\u00fablica\u201d, resumi\u00f3 sobre las luchas pasadas y presentes.<\/p>\n<p>\u201cEste mismo cielo ha sido testigo de numerosas luchas, de nuestras victorias y dificultades y sobre todo de nuestro cont\u00ednuo levantamiento de siglos, d\u00e9cada tras d\u00e9cada, a\u00f1o tras a\u00f1o, contra todo tipo de imperios y de dominaci\u00f3n que nos amenazara\u201d, describi\u00f3.<\/p>\n<p>\u201c\u00a1Este mismo cielo que nos ha visto alzar los pu\u00f1os en cada combate y levantar la frente en cada coyuntura adversa y nos ha visto pelear cuando est\u00e1n en juego nuestra dignidad y derechos como naci\u00f3n. Esta generaci\u00f3n de Bolivarianos y Bolivarianas, ha salvaguardado un a\u00f1o m\u00e1s los principios e ideales de las instituciones y de nuestra grandeza!\u201d, remarc\u00f3 con orgullo.<\/p>\n<p>Record\u00f3 que luego de la Batalla de Carabobo, Venezuela fue libre tras una d\u00e9cada de<strong> lucha antiimperialista<\/strong> que cost\u00f3 sangre y vidas y la mitad de la poblaci\u00f3n pereci\u00f3 en los campos de batalla, 10 a\u00f1os despu\u00e9s de la gloriosa firma del 05 de julio de 1811.<\/p>\n<p>Dijo que esa independencia ganada con esfuerzo y lucha, emprendi\u00f3 luego un largo camino de traiciones e intrigas viles que han sembrado los enemigos internos y externos.<\/p>\n<p>\u201cNo podemos decir que esto ha signado nuestros destinos, pero tampoco podemos decir que lo hemos superado\u201d.<\/p>\n<p>El Jefe de Estado inst\u00f3 a los venezolanos y venezolanas a considerar la independencia como un ciclo vivo de constante giro y cambio. \u201cExige de nosotros defender esa libertad que nos dieron en herencia. La independencia debemos actualizarla sin claudicar en los principios\u201d, ratific\u00f3.<\/p>\n<p>Plante\u00f3 la interrogante si se puede ser libre e independiente en el convulso y cambiante siglo 21. \u201cEs la pregunta que nos interpela, \u00e9tica y moralmente, a quienes hemos tomado el destino de los libertadores\u201d.<\/p>\n","protected":false},"excerpt":{"rendered":"<p>Desde el Paseo Monumental Los Pr\u00f3ceres de Caracas, este martes 5 de julio se realiz\u00f3 el Gran Desfile C\u00edvico-Militar por los 211 a\u00f1os de la Firma del Acta de Independencia, que en 1811 declar\u00f3 a Venezuela libre y soberana de todo dominio imperial. Las tropas de los componentes de la Fuerza Armada Nacional Bolivariana (FANB)\u2026 <span class=\"read-more\"><a href=\"https:\/\/consuladobarcelona.gob.ve\/webalterna\/venezuela-celebra-los-211-anos-de-la-independencia-y-dia-de-la-fanb\/\">Leer m\u00e1s &raquo;<\/a><\/span><\/p>\n","protected":false},"author":3,"featured_media":7653,"comment_status":"closed","ping_status":"closed","sticky":false,"template":"","format":"standard","meta":{"footnotes":""},"categories":[5],"tags":[],"class_list":["post-7649","post","type-post","status-publish","format-standard","has-post-thumbnail","hentry","category-noticias"],"_links":{"self":[{"href":"https:\/\/consuladobarcelona.gob.ve\/webalterna\/wp-json\/wp\/v2\/posts\/7649","targetHints":{"allow":["GET"]}}],"collection":[{"href":"https:\/\/consuladobarcelona.gob.ve\/webalterna\/wp-json\/wp\/v2\/posts"}],"about":[{"href":"https:\/\/consuladobarcelona.gob.ve\/webalterna\/wp-json\/wp\/v2\/types\/post"}],"author":[{"embeddable":true,"href":"https:\/\/consuladobarcelona.gob.ve\/webalterna\/wp-json\/wp\/v2\/users\/3"}],"replies":[{"embeddable":true,"href":"https:\/\/consuladobarcelona.gob.ve\/webalterna\/wp-json\/wp\/v2\/comments?post=7649"}],"version-history":[{"count":3,"href":"https:\/\/consuladobarcelona.gob.ve\/webalterna\/wp-json\/wp\/v2\/posts\/7649\/revisions"}],"predecessor-version":[{"id":7657,"href":"https:\/\/consuladobarcelona.gob.ve\/webalterna\/wp-json\/wp\/v2\/posts\/7649\/revisions\/7657"}],"wp:featuredmedia":[{"embeddable":true,"href":"https:\/\/consuladobarcelona.gob.ve\/webalterna\/wp-json\/wp\/v2\/media\/7653"}],"wp:attachment":[{"href":"https:\/\/consuladobarcelona.gob.ve\/webalterna\/wp-json\/wp\/v2\/media?parent=7649"}],"wp:term":[{"taxonomy":"category","embeddable":true,"href":"https:\/\/consuladobarcelona.gob.ve\/webalterna\/wp-json\/wp\/v2\/categories?post=7649"},{"taxonomy":"post_tag","embeddable":true,"href":"https:\/\/consuladobarcelona.gob.ve\/webalterna\/wp-json\/wp\/v2\/tags?post=7649"}],"curies":[{"name":"wp","href":"https:\/\/api.w.org\/{rel}","templated":true}]}}