{"id":759,"date":"2019-03-25T17:22:34","date_gmt":"2019-03-25T16:22:34","guid":{"rendered":"http:\/\/consuladobarcelona.gob.ve\/webalterna\/?p=759"},"modified":"2019-03-26T12:32:21","modified_gmt":"2019-03-26T11:32:21","slug":"proyectan-en-barcelona-documental-sobre-bases-de-misiones-socialistas","status":"publish","type":"post","link":"https:\/\/consuladobarcelona.gob.ve\/webalterna\/proyectan-en-barcelona-documental-sobre-bases-de-misiones-socialistas\/","title":{"rendered":"Proyectan en Barcelona documental sobre Bases de Misiones Socialistas"},"content":{"rendered":"<p align=\"justify\">Venezuela no es solo crisis econ\u00f3mica y pugna pol\u00edtica. Venezuela es resistencia, lucha, inversi\u00f3n social, inclusi\u00f3n, internacionalismo y sobretodo Esperanza. Y es de esta Venezuela que se habl\u00f3 el pasado viernes en el Casal Independentista \u201cOctubre\u201d de Barcelona, en el marco del acto de solidaridad \u201cVenezuela y Catalu\u00f1a: dos pueblos, una lucha\u201d, promovido por la Plataforma catalana de Solidaridad con Venezuela, que cont\u00f3 con la presencia del C\u00f3nsul de Venezuela en Barcelona, Antonio Mart\u00ednez, y del productor catal\u00e1n Lluis Bartra.<\/p>\n<p align=\"justify\">Al centro de la actividad, la proyecci\u00f3n del documental \u201cEsperanza &#8211; Donde los Sue\u00f1os se hacen Realidad\u201d, del catal\u00e1n Lluis Bartra y de la venezolana Dayon Moiz, sobre las Bases de Misiones Socialistas creadas por el gobierno bolivariano en el marco del Convenio de Cooperaci\u00f3n Cuba-Venezuela, para \u201cgarantizar servicios de salud, alimentaci\u00f3n, atenci\u00f3n social, educaci\u00f3n, deporte y cultura a quienes m\u00e1s lo necesitan\u201d, como explic\u00f3 Bartra. La historia narra la llegada de los misioneros cubanos a tres comunidades en pobreza extrema de la capital venezolana, lo que dio inicio a una historia de organizaci\u00f3n y participaci\u00f3n comunitaria donde el pueblo humilde ya no luchaba contra el olvido estatal, sino que contaba con una infraestructura y un equipo humano que los convertir\u00eda en protagonistas de una historia de Esperanza y superaci\u00f3n.<\/p>\n<p align=\"justify\">Despu\u00e9s del documental y de una breve intervenci\u00f3n del C\u00f3nsul Mart\u00ednez, se llev\u00f3 a cabo un conversatorio sobre la realidad y la actualidad de Venezuela, caracterizada por la resistencia y la lucha del pueblo contra las agresiones imperialistas en campo pol\u00edtico y econ\u00f3mico. Entre los participantes hab\u00eda ciudadanos venezolanos, catalanes, latinoamericanos e ingleses.<\/p>\n<p align=\"justify\">Lluis Bartra estuvo a cargo de las letras y del videoclip de la canci\u00f3n \u201cVenezuela Vol Pau\u201d (Venezuela quiere Paz), una iniciativa de artistas catalanes y valencianos que decidieron unir sus voces y sus instrumentos en defensa de la paz de la naci\u00f3n suramericana.<\/p>\n","protected":false},"excerpt":{"rendered":"<p>Venezuela no es solo crisis econ\u00f3mica y pugna pol\u00edtica. Venezuela es resistencia, lucha, inversi\u00f3n social, inclusi\u00f3n, internacionalismo y sobretodo Esperanza. Y es de esta Venezuela que se habl\u00f3 el pasado viernes en el Casal Independentista \u201cOctubre\u201d de Barcelona, en el marco del acto de solidaridad \u201cVenezuela y Catalu\u00f1a: dos pueblos, una lucha\u201d, promovido por la\u2026 <span class=\"read-more\"><a href=\"https:\/\/consuladobarcelona.gob.ve\/webalterna\/proyectan-en-barcelona-documental-sobre-bases-de-misiones-socialistas\/\">Leer m\u00e1s &raquo;<\/a><\/span><\/p>\n","protected":false},"author":3,"featured_media":760,"comment_status":"closed","ping_status":"closed","sticky":false,"template":"","format":"standard","meta":{"footnotes":""},"categories":[5],"tags":[],"class_list":["post-759","post","type-post","status-publish","format-standard","has-post-thumbnail","hentry","category-noticias"],"_links":{"self":[{"href":"https:\/\/consuladobarcelona.gob.ve\/webalterna\/wp-json\/wp\/v2\/posts\/759","targetHints":{"allow":["GET"]}}],"collection":[{"href":"https:\/\/consuladobarcelona.gob.ve\/webalterna\/wp-json\/wp\/v2\/posts"}],"about":[{"href":"https:\/\/consuladobarcelona.gob.ve\/webalterna\/wp-json\/wp\/v2\/types\/post"}],"author":[{"embeddable":true,"href":"https:\/\/consuladobarcelona.gob.ve\/webalterna\/wp-json\/wp\/v2\/users\/3"}],"replies":[{"embeddable":true,"href":"https:\/\/consuladobarcelona.gob.ve\/webalterna\/wp-json\/wp\/v2\/comments?post=759"}],"version-history":[{"count":4,"href":"https:\/\/consuladobarcelona.gob.ve\/webalterna\/wp-json\/wp\/v2\/posts\/759\/revisions"}],"predecessor-version":[{"id":775,"href":"https:\/\/consuladobarcelona.gob.ve\/webalterna\/wp-json\/wp\/v2\/posts\/759\/revisions\/775"}],"wp:featuredmedia":[{"embeddable":true,"href":"https:\/\/consuladobarcelona.gob.ve\/webalterna\/wp-json\/wp\/v2\/media\/760"}],"wp:attachment":[{"href":"https:\/\/consuladobarcelona.gob.ve\/webalterna\/wp-json\/wp\/v2\/media?parent=759"}],"wp:term":[{"taxonomy":"category","embeddable":true,"href":"https:\/\/consuladobarcelona.gob.ve\/webalterna\/wp-json\/wp\/v2\/categories?post=759"},{"taxonomy":"post_tag","embeddable":true,"href":"https:\/\/consuladobarcelona.gob.ve\/webalterna\/wp-json\/wp\/v2\/tags?post=759"}],"curies":[{"name":"wp","href":"https:\/\/api.w.org\/{rel}","templated":true}]}}