{"id":754,"date":"2019-03-25T16:17:00","date_gmt":"2019-03-25T15:17:00","guid":{"rendered":"http:\/\/consuladobarcelona.gob.ve\/webalterna\/?p=754"},"modified":"2019-03-26T11:32:34","modified_gmt":"2019-03-26T10:32:34","slug":"nota-de-prensa-los-musicos-de-venezuela-vol-pau-contra-el-concierto-en-cucuta-alla-pagaron-en-dolares-lo-nuestro-es-solidaridad","status":"publish","type":"post","link":"https:\/\/consuladobarcelona.gob.ve\/webalterna\/nota-de-prensa-los-musicos-de-venezuela-vol-pau-contra-el-concierto-en-cucuta-alla-pagaron-en-dolares-lo-nuestro-es-solidaridad\/","title":{"rendered":"Los m\u00fasicos de Venezuela vol Pau contra el concierto en C\u00facuta: \u00abAll\u00e1 pagaron en d\u00f3lares, lo nuestro es solidaridad\u201d"},"content":{"rendered":"<p>\u201cEsto no se paga con d\u00f3lares, se paga con solidaridad obrera\u201d. Habla sin tapujos el cantante rock Alex Vendrell, uno de los once artistas catalanes y valencianos que decidieron unir sus voces e instrumentos en la canci\u00f3n \u00abVenezuela vol Pau\u00bb (Venezuela quiere Paz), un proyecto musical completamente voluntario en rechazo a las agresiones imperiales contra el pueblo venezolano. Cuando habla de d\u00f3lares, se refiere a los que fluyeron en el concierto \u201cVenezuela Aid Live\u201d en C\u00facuta, Colombia, convocado por el multimillonario Richard Branson para acompa\u00f1ar la entrada de la mal llamada ayuda humanitaria a Venezuela.<br \/>\n\u201cLo nuestro sale de abajo, del pueblo. Lo hacemos porque lo sentimos. Es la dignidad, lo que hace grandes, fuertes y dignos a los pueblos. Esas ratas que estaban en el concierto en Colombia, jam\u00e1s la sentir\u00e1n en su vida\u201d sentencia.<br \/>\nVendrell habla durante una rueda de prensa organizada en el Casal Independentista de Sants, en Barcelona, acompa\u00f1ado por otros artista de Venezuela vol Pau, el compositor Llu\u00eds Bartra y el historiador V\u00edctor R\u00edos, todos miembros de la Red de Intelectuales, Artistas y Movimientos Sociales en Defensa de la Humanidad.<br \/>\nFrente al micr\u00f3fono, Bartra explica que la idea de la canci\u00f3n naci\u00f3 el pasado 23 de febrero, cuando \u201cparec\u00eda inminente una intervenci\u00f3n militar estadounidense contra Venezuela\u201d, maquillada de intervenci\u00f3n humanitaria. Seg\u00fan V\u00edctor R\u00edos, la pieza es una respuesta necesaria a una \u201csituaci\u00f3n de emergencia concreta: la agresi\u00f3n imperialista contra Venezuela\u201d.<br \/>\n\u201cLa canci\u00f3n Venezuela vol Pau trata de la aspiraci\u00f3n principal del pueblo de Venezuela que es la paz\u201d explica R\u00edos. \u201cPaz para defender su independencia, su soberan\u00eda, su derecho a existir como pueblo y como naci\u00f3n. Va m\u00e1s all\u00e1 del apoyo pol\u00edtico a un gobierno: es el apoyo a todo un pueblo que sufre, independientemente de su ideolog\u00eda, las agresiones imperialistas de los Estados Unidos y sus s\u00fabditos de Am\u00e9rica Latina y Europa\u201d concluye.<br \/>\nUn pueblo que con su valent\u00eda es ejemplo para todo el mundo, explica Alex Vendrell.<br \/>\n\u201cEl pueblo venezolano es uno de los pocos que ha sabido construir un poder popular capaz de resistir a las agresiones imperialistas\u201d explica. \u201cSon un contrapoder, y representan un programa diferente, vital, para todo el mundo. Su grandeza es su resistencia y su aportaci\u00f3n a otra realidad que se puede construir. Por eso es tan importante defender a Venezuela\u201d asevera.<br \/>\nPara el guitarrista catal\u00e1n Arnau Aymerich, la lucha del pueblo venezolano por la soberan\u00eda est\u00e1 en alg\u00fan modo relacionada con la lucha por la independencia de los pueblos catalanes.<br \/>\n\u201cHemos sido dos colonias en momentos diferentes de la historia, pero lamentablemente nosotros a\u00fan somos colonia del estado espa\u00f1ol. Am\u00e9rica del Sur luch\u00f3 por su independencia y soberan\u00eda. El pueblo tiene que tomar la palabra y emanciparse de los imperios y de los poderes que lo han sometido a lo largo de los siglos\u201d afirma.<br \/>\nLa canci\u00f3n Venezuela vol Pau, en la que particip\u00f3 con su cuatro el m\u00fasico venezolano Akilin, se estren\u00f3 el pasado lunes en Catalu\u00f1a. Las letras de la canci\u00f3n, en idioma catal\u00e1n, fueron escritas por Llu\u00eds Bartra, quien tambi\u00e9n estuvo a cargo de la realizaci\u00f3n de la pieza audiovisual junto con Dani Morell y Nerea Lleonart.<\/p>\n","protected":false},"excerpt":{"rendered":"<p>\u201cEsto no se paga con d\u00f3lares, se paga con solidaridad obrera\u201d. Habla sin tapujos el cantante rock Alex Vendrell, uno de los once artistas catalanes y valencianos que decidieron unir sus voces e instrumentos en la canci\u00f3n \u00abVenezuela vol Pau\u00bb (Venezuela quiere Paz), un proyecto musical completamente voluntario en rechazo a las agresiones imperiales contra\u2026 <span class=\"read-more\"><a href=\"https:\/\/consuladobarcelona.gob.ve\/webalterna\/nota-de-prensa-los-musicos-de-venezuela-vol-pau-contra-el-concierto-en-cucuta-alla-pagaron-en-dolares-lo-nuestro-es-solidaridad\/\">Leer m\u00e1s &raquo;<\/a><\/span><\/p>\n","protected":false},"author":3,"featured_media":755,"comment_status":"closed","ping_status":"closed","sticky":false,"template":"","format":"standard","meta":{"footnotes":""},"categories":[5],"tags":[],"class_list":["post-754","post","type-post","status-publish","format-standard","has-post-thumbnail","hentry","category-noticias"],"_links":{"self":[{"href":"https:\/\/consuladobarcelona.gob.ve\/webalterna\/wp-json\/wp\/v2\/posts\/754","targetHints":{"allow":["GET"]}}],"collection":[{"href":"https:\/\/consuladobarcelona.gob.ve\/webalterna\/wp-json\/wp\/v2\/posts"}],"about":[{"href":"https:\/\/consuladobarcelona.gob.ve\/webalterna\/wp-json\/wp\/v2\/types\/post"}],"author":[{"embeddable":true,"href":"https:\/\/consuladobarcelona.gob.ve\/webalterna\/wp-json\/wp\/v2\/users\/3"}],"replies":[{"embeddable":true,"href":"https:\/\/consuladobarcelona.gob.ve\/webalterna\/wp-json\/wp\/v2\/comments?post=754"}],"version-history":[{"count":3,"href":"https:\/\/consuladobarcelona.gob.ve\/webalterna\/wp-json\/wp\/v2\/posts\/754\/revisions"}],"predecessor-version":[{"id":766,"href":"https:\/\/consuladobarcelona.gob.ve\/webalterna\/wp-json\/wp\/v2\/posts\/754\/revisions\/766"}],"wp:featuredmedia":[{"embeddable":true,"href":"https:\/\/consuladobarcelona.gob.ve\/webalterna\/wp-json\/wp\/v2\/media\/755"}],"wp:attachment":[{"href":"https:\/\/consuladobarcelona.gob.ve\/webalterna\/wp-json\/wp\/v2\/media?parent=754"}],"wp:term":[{"taxonomy":"category","embeddable":true,"href":"https:\/\/consuladobarcelona.gob.ve\/webalterna\/wp-json\/wp\/v2\/categories?post=754"},{"taxonomy":"post_tag","embeddable":true,"href":"https:\/\/consuladobarcelona.gob.ve\/webalterna\/wp-json\/wp\/v2\/tags?post=754"}],"curies":[{"name":"wp","href":"https:\/\/api.w.org\/{rel}","templated":true}]}}