{"id":730,"date":"2019-03-22T11:29:48","date_gmt":"2019-03-22T10:29:48","guid":{"rendered":"http:\/\/consuladobarcelona.gob.ve\/webalterna\/?p=730"},"modified":"2019-03-22T11:29:48","modified_gmt":"2019-03-22T10:29:48","slug":"consejo-de-ddhh-de-la-onu-rechaza-medidas-coercitivas-unilaterales","status":"publish","type":"post","link":"https:\/\/consuladobarcelona.gob.ve\/webalterna\/consejo-de-ddhh-de-la-onu-rechaza-medidas-coercitivas-unilaterales\/","title":{"rendered":"Consejo de DDHH de la ONU rechaza medidas coercitivas unilaterales"},"content":{"rendered":"<p>El Consejo de Derechos Humanos de la Organizaci\u00f3n de Naciones Unidas (ONU) aprob\u00f3 este jueves la Resoluci\u00f3n anual sobre medidas coercitivas unilaterales, cuyo proyecto fue presentado por el embajador Jorge Valero, representante permanente de la Rep\u00fablica Bolivariana de Venezuela ante este foro multilateral con sede en Ginebra, en nombre del Movimiento de Pa\u00edses No Alineados (Mnoal). <strong>El proyecto, intitulado \u201cLas repercusiones negativas de las medidas coercitivas unilaterales en el disfrute de los derechos humanos\u201d, fue adoptado con 27 votos a favor, 15 en contra y 5 abstenciones<\/strong>.<\/p>\n<p>En el texto se han incorporado nuevos elementos para fortalecer la Resoluci\u00f3n sobre el asunto aprobada por el Consejo de Derechos Humanos el a\u00f1o pasado, y reiterar la <strong>firme posici\u00f3n del Mnoal contra la imposici\u00f3n de las medidas coercitivas<\/strong> unilaterales.<\/p>\n<p>El embajador Jorge Valero hizo referencia a la Declaraci\u00f3n Pol\u00edtica de Nueva York adoptada el 20 de septiembre de 2017, en la cual los Ministros de Relaciones Exteriores de los Estados miembros del Movimiento aprobaron: \u201cReafirmar su oposici\u00f3n al unilateralismo y a las medidas coercitivas unilaterales impuestas por ciertos Estados, incluidas las de car\u00e1cter econ\u00f3mico, financiero o comercial que no se ajustan al derecho internacional, a la Carta de las Naciones Unidas y a las normas y principios que rigen las relaciones pac\u00edficas entre los Estados\u201d. En esta misma l\u00ednea discursiva, el diplom\u00e1tico enfatiz\u00f3 que<strong> la iniciativa procura resaltar el impacto negativo de las medidas coercitivas unilaterales en los derechos humanos y el desarrollo, as\u00ed como en las relaciones internacionales, el comercio, la inversi\u00f3n y la cooperaci\u00f3n<\/strong>.<\/p>\n<p>El canciller de la Rep\u00fablica Bolivariana de Venezuela, Jorge Arreaza, celebr\u00f3 la adopci\u00f3n de esta Resoluci\u00f3n, que considera ha sido una <strong>victoria del multilateralismo y de la Diplomacia Bolivariana de Paz<\/strong> que desarrolla el Gobierno venezolano.<\/p>\n<p><strong>La Resoluci\u00f3n adoptada este jueves por el Consejo de Derechos Humanos de la ONU en su 40\u00ba sesi\u00f3n ordinaria insta a todos los Estados a que dejen de adoptar, mantener o aplicar medidas coercitivas unilaterales contrarias al derecho internacional, al derecho internacional humanitario, a la Carta de las Naciones Unidas y a las normas y principios que regulan las relaciones pac\u00edficas entre los Estados, en particular medidas de car\u00e1cter coercitivo con efectos extraterritoriales, que crean obst\u00e1culos a las relaciones comerciales entre los Estados<\/strong>. Del mismo modo, insta encarecidamente a todos los Estados a que se abstengan de imponer medidas coercitivas unilaterales e insta tambi\u00e9n a que se eliminen esas medidas, que son contrarias a la Carta y a las normas y principios que regulan las relaciones pac\u00edficas entre los Estados en todos los niveles.<\/p>\n<p>El texto condena en\u00e9rgicamente el hecho de que determinadas Potencias sigan aplicando y haciendo cumplir unilateralmente medidas de esa \u00edndole como instrumento de presi\u00f3n pol\u00edtica o econ\u00f3mica contra cualquier pa\u00eds. Adem\u00e1s, insta a los Estados a que promuevan y preserven el multilateralismo y a que adopten las medidas necesarias para fortalecer la cooperaci\u00f3n bilateral, regional e internacional destinada a hacer frente a las repercusiones negativas de las medidas coercitivas unilaterales en el pleno disfrute de todos los derechos humanos.<\/p>\n<p>El proyecto cont\u00f3 con el copatrocinio de Bar\u00e9in a nombre del Grupo \u00c1rabe, y de Angola a nombre del Grupo Africano.<\/p>\n","protected":false},"excerpt":{"rendered":"<p>El Consejo de Derechos Humanos de la Organizaci\u00f3n de Naciones Unidas (ONU) aprob\u00f3 este jueves la Resoluci\u00f3n anual sobre medidas coercitivas unilaterales, cuyo proyecto fue presentado por el embajador Jorge Valero, representante permanente de la Rep\u00fablica Bolivariana de Venezuela ante este foro multilateral con sede en Ginebra, en nombre del Movimiento de Pa\u00edses No Alineados\u2026 <span class=\"read-more\"><a href=\"https:\/\/consuladobarcelona.gob.ve\/webalterna\/consejo-de-ddhh-de-la-onu-rechaza-medidas-coercitivas-unilaterales\/\">Leer m\u00e1s &raquo;<\/a><\/span><\/p>\n","protected":false},"author":3,"featured_media":731,"comment_status":"closed","ping_status":"closed","sticky":false,"template":"","format":"standard","meta":{"footnotes":""},"categories":[5],"tags":[],"class_list":["post-730","post","type-post","status-publish","format-standard","has-post-thumbnail","hentry","category-noticias"],"_links":{"self":[{"href":"https:\/\/consuladobarcelona.gob.ve\/webalterna\/wp-json\/wp\/v2\/posts\/730","targetHints":{"allow":["GET"]}}],"collection":[{"href":"https:\/\/consuladobarcelona.gob.ve\/webalterna\/wp-json\/wp\/v2\/posts"}],"about":[{"href":"https:\/\/consuladobarcelona.gob.ve\/webalterna\/wp-json\/wp\/v2\/types\/post"}],"author":[{"embeddable":true,"href":"https:\/\/consuladobarcelona.gob.ve\/webalterna\/wp-json\/wp\/v2\/users\/3"}],"replies":[{"embeddable":true,"href":"https:\/\/consuladobarcelona.gob.ve\/webalterna\/wp-json\/wp\/v2\/comments?post=730"}],"version-history":[{"count":1,"href":"https:\/\/consuladobarcelona.gob.ve\/webalterna\/wp-json\/wp\/v2\/posts\/730\/revisions"}],"predecessor-version":[{"id":732,"href":"https:\/\/consuladobarcelona.gob.ve\/webalterna\/wp-json\/wp\/v2\/posts\/730\/revisions\/732"}],"wp:featuredmedia":[{"embeddable":true,"href":"https:\/\/consuladobarcelona.gob.ve\/webalterna\/wp-json\/wp\/v2\/media\/731"}],"wp:attachment":[{"href":"https:\/\/consuladobarcelona.gob.ve\/webalterna\/wp-json\/wp\/v2\/media?parent=730"}],"wp:term":[{"taxonomy":"category","embeddable":true,"href":"https:\/\/consuladobarcelona.gob.ve\/webalterna\/wp-json\/wp\/v2\/categories?post=730"},{"taxonomy":"post_tag","embeddable":true,"href":"https:\/\/consuladobarcelona.gob.ve\/webalterna\/wp-json\/wp\/v2\/tags?post=730"}],"curies":[{"name":"wp","href":"https:\/\/api.w.org\/{rel}","templated":true}]}}