{"id":725,"date":"2019-03-22T10:45:14","date_gmt":"2019-03-22T09:45:14","guid":{"rendered":"http:\/\/consuladobarcelona.gob.ve\/webalterna\/?p=725"},"modified":"2019-03-22T10:48:40","modified_gmt":"2019-03-22T09:48:40","slug":"venezuela-denuncia-ataque-contra-su-economia-en-la-onu","status":"publish","type":"post","link":"https:\/\/consuladobarcelona.gob.ve\/webalterna\/venezuela-denuncia-ataque-contra-su-economia-en-la-onu\/","title":{"rendered":"Venezuela denuncia ataque contra su econom\u00eda en la ONU"},"content":{"rendered":"<p>El encargado de Negocios de la Rep\u00fablica Bolivariana de Venezuela en la Rep\u00fablica Argentina, Juan Jos\u00e9 Valero, denunci\u00f3 la <strong>ilegal aplicaci\u00f3n de medidas coercitivas unilaterales<\/strong> hechas en contra de Venezuela. La acusaci\u00f3n la realiz\u00f3 en la II Conferencia de Alto Nivel de Naciones Unidas sobre Cooperaci\u00f3n Sur-Sur, celebrada en el Centro de Exposiciones y Convenciones (CEC) de la ciudad de Buenos Aires y que se efect\u00faa entre el 20 y 22 de marzo del 2019, en Argentina.<\/p>\n<p>Valero expres\u00f3 lo siguiente: \u201cDenunciamos una vez m\u00e1s la ilegal aplicaci\u00f3n de medidas coercitivas unilaterales a las que est\u00e1 sujeto hoy nuestro pa\u00eds en f<strong>lagrante violaci\u00f3n de los prop\u00f3sitos y principios consagrados en la Carta de las Naciones Unidas<\/strong>\u201d.<\/p>\n<p>Valero se refiri\u00f3 \u201cal <strong>ataque sist\u00e9mico y sin precedentes al sector petrolero, fuente principal de los ingresos p\u00fablicos<\/strong> de Venezuela. <strong>El asalto a los activos de la filial petrolera de Pdvsa, ubicada en Estados Unidos, asciende a m\u00e1s de 20 mil millones de d\u00f3lares<\/strong>\u201d. Adem\u00e1s, declar\u00f3 que \u201c en un acto de rapi\u00f1a colonialista, <strong>el Banco de Inglaterra rob\u00f3 las reservas de oro del pueblo venezolano estimadas en m\u00e1s de 2 mil millones de d\u00f3lares<\/strong>\u201d. Al respecto, Valero expres\u00f3 que \u201cVenezuela nunca antes hab\u00eda experimentado un ataque tan despiadado contra su econom\u00eda, su derecho al desarrollo y los derechos humanos de su poblaci\u00f3n. Hasta el momento <strong>nuestro pa\u00eds ha perdido m\u00e1s de 24 mil millones de d\u00f3lares como consecuencia de estas acciones<\/strong>\u201d.<\/p>\n<p>Seguido de esto, el diplom\u00e1tico venezolano manifest\u00f3 que \u201ca pesar de estos ataques a Venezuela,<strong> el Gobierno Bolivariano trabaja activamente con las Agencias de Sistema en m\u00faltiples \u00e1reas, teniendo en cuenta las prioridades establecidas por la Agenda 2030<\/strong>. Ya que creemos en la naturaleza integradora de la <strong>Cooperaci\u00f3n Sur-Sur<\/strong>, basada en relaciones directas, horizontales, voluntarias y no politizadas entre las naciones, con pleno respeto a las diversas formas de gobierno e ideolog\u00edas y a los principios establecidos en la Carta de la ONU\u201d. Finalmente, indic\u00f3 que \u201c<strong>Venezuela promueve la cooperaci\u00f3n bilateral<\/strong>, el fortalecimiento de la Cooperaci\u00f3n Sur-Sur y reafirma su plena disposici\u00f3n para trabajar en este sentido. Adem\u00e1s de comprometerse en acciones concretas, sin discriminaciones ni coerciones, en pro de una labor inclusiva y sin injerencia en asuntos internos de otras naciones, para restablecer as\u00ed el esp\u00edritu de solidaridad con un profundo sentido social\u201d.<\/p>\n<p>La Conferencia de Alto Nivel fue convocada por la Asamblea General de las Naciones Unidas a trav\u00e9s de la Resoluci\u00f3n 71\/244, por la cual se design\u00f3 a la Rep\u00fablica Argentina como pa\u00eds anfitri\u00f3n. Dicha conferencia es de alto nivel, incluso acuden Jefes de Estado o de Gobierno. Consiste en sesiones plenarias, mesas redondas interactivas y una sesi\u00f3n plenaria de clausura. Tendr\u00e1 como resultado un documento final acordado intergubernamentalmente que ser\u00e1 conciso y espec\u00edfico. Estar\u00e1 preparado con visi\u00f3n de futuro y orientado a la acci\u00f3n.<\/p>\n<p>El tema elegido para la Conferencia es \u201cEl rol de la Cooperaci\u00f3n Sur-Sur y la implementaci\u00f3n de la Agenda 2030 para el Desarrollo Sostenible: desaf\u00edos y oportunidades\u201d. El objetivo de la Conferencia ser\u00e1 examinar las tendencias de la Cooperaci\u00f3n Sur-Sur y la cooperaci\u00f3n triangular, incluidos los progresos logrados por la comunidad internacional en el apoyo y la promoci\u00f3n de esas modalidades de cooperaci\u00f3n y la identificaci\u00f3n de nuevas oportunidades, as\u00ed como de los desaf\u00edos existentes y sugerencias para superarlos.<\/p>\n<p>&nbsp;<\/p>\n<p>&nbsp;<\/p>\n<p>&nbsp;<\/p>\n<p>&nbsp;<\/p>\n<p>&nbsp;<\/p>\n","protected":false},"excerpt":{"rendered":"<p>El encargado de Negocios de la Rep\u00fablica Bolivariana de Venezuela en la Rep\u00fablica Argentina, Juan Jos\u00e9 Valero, denunci\u00f3 la ilegal aplicaci\u00f3n de medidas coercitivas unilaterales hechas en contra de Venezuela. La acusaci\u00f3n la realiz\u00f3 en la II Conferencia de Alto Nivel de Naciones Unidas sobre Cooperaci\u00f3n Sur-Sur, celebrada en el Centro de Exposiciones y Convenciones\u2026 <span class=\"read-more\"><a href=\"https:\/\/consuladobarcelona.gob.ve\/webalterna\/venezuela-denuncia-ataque-contra-su-economia-en-la-onu\/\">Leer m\u00e1s &raquo;<\/a><\/span><\/p>\n","protected":false},"author":3,"featured_media":726,"comment_status":"closed","ping_status":"closed","sticky":false,"template":"","format":"standard","meta":{"footnotes":""},"categories":[5],"tags":[],"class_list":["post-725","post","type-post","status-publish","format-standard","has-post-thumbnail","hentry","category-noticias"],"_links":{"self":[{"href":"https:\/\/consuladobarcelona.gob.ve\/webalterna\/wp-json\/wp\/v2\/posts\/725","targetHints":{"allow":["GET"]}}],"collection":[{"href":"https:\/\/consuladobarcelona.gob.ve\/webalterna\/wp-json\/wp\/v2\/posts"}],"about":[{"href":"https:\/\/consuladobarcelona.gob.ve\/webalterna\/wp-json\/wp\/v2\/types\/post"}],"author":[{"embeddable":true,"href":"https:\/\/consuladobarcelona.gob.ve\/webalterna\/wp-json\/wp\/v2\/users\/3"}],"replies":[{"embeddable":true,"href":"https:\/\/consuladobarcelona.gob.ve\/webalterna\/wp-json\/wp\/v2\/comments?post=725"}],"version-history":[{"count":3,"href":"https:\/\/consuladobarcelona.gob.ve\/webalterna\/wp-json\/wp\/v2\/posts\/725\/revisions"}],"predecessor-version":[{"id":729,"href":"https:\/\/consuladobarcelona.gob.ve\/webalterna\/wp-json\/wp\/v2\/posts\/725\/revisions\/729"}],"wp:featuredmedia":[{"embeddable":true,"href":"https:\/\/consuladobarcelona.gob.ve\/webalterna\/wp-json\/wp\/v2\/media\/726"}],"wp:attachment":[{"href":"https:\/\/consuladobarcelona.gob.ve\/webalterna\/wp-json\/wp\/v2\/media?parent=725"}],"wp:term":[{"taxonomy":"category","embeddable":true,"href":"https:\/\/consuladobarcelona.gob.ve\/webalterna\/wp-json\/wp\/v2\/categories?post=725"},{"taxonomy":"post_tag","embeddable":true,"href":"https:\/\/consuladobarcelona.gob.ve\/webalterna\/wp-json\/wp\/v2\/tags?post=725"}],"curies":[{"name":"wp","href":"https:\/\/api.w.org\/{rel}","templated":true}]}}