{"id":7231,"date":"2022-03-29T11:35:53","date_gmt":"2022-03-29T10:35:53","guid":{"rendered":"https:\/\/consuladobarcelona.gob.ve\/webalterna\/?p=7231"},"modified":"2022-03-29T11:37:41","modified_gmt":"2022-03-29T10:37:41","slug":"celebran-el-dia-nacional-del-patrimonio-cultural-a-los-272-anos-del-natalicio-de-francisco-de-miranda","status":"publish","type":"post","link":"https:\/\/consuladobarcelona.gob.ve\/webalterna\/celebran-el-dia-nacional-del-patrimonio-cultural-a-los-272-anos-del-natalicio-de-francisco-de-miranda\/","title":{"rendered":"D\u00eda del Patrimonio Cultural, a los 272 a\u00f1os del natalicio de Francisco de Miranda"},"content":{"rendered":"<p>El Gobierno Nacional conmemor\u00f3 este lunes 28 de marzo, el <strong>D\u00eda Nacional del Patrimonio Cultural<\/strong>, para preservar la cultura, tradiciones y costumbres populares.<\/p>\n<p>\u00abNuestra cultura es uno de los pilares fundamentales de la Revoluci\u00f3n Bolivariana, y debemos preservarla para que las futuras generaciones le den continuidad. Hoy #28Mar, en el D\u00eda Nacional del Patrimonio Cultural, exaltamos nuestras tradiciones y costumbres populares\u00bb, manifest\u00f3 el presidente de la Rep\u00fablica, <strong>Nicol\u00e1s Maduro<\/strong>, en su cuenta en la red social Twitter.<\/p>\n<p>Maduro tambi\u00e9n mencion\u00f3 a <strong>Francisco de Miranda<\/strong>, por cuyo aniversario se honra la fecha: \u00abcaraque\u00f1o universal, humanista y<strong> Precursor de la Independencia de Venezuela<\/strong>, un hombre que luch\u00f3 contra la opresi\u00f3n de los pueblos. Su legado integracionista y visionario sigue vigente por los caminos gloriosos de la Patria. \u00a1Qu\u00e9 Viva Miranda!\u00bb, escribi\u00f3 en un tuit posterior.<\/p>\n<p>En conmemoraci\u00f3n el D\u00eda del Patrimonio Cultural, y para celebrar los <strong>272 a\u00f1os del Natalicio de Francisco de Miranda<\/strong>, tambi\u00e9n fue juramentada la <strong>Guardia Patrimonial de Caracas<\/strong>. La informaci\u00f3n la suministr\u00f3 la alcaldesa del Distrito Capital, Carmen Mel\u00e9ndez, en su cuenta de Twitter @gestionperfecta, quien destac\u00f3 que juramentaron \u201ca las brigadas que en cada parroquia van a preservar el patrimonio cultural de la ciudad capital, la caraque\u00f1idad, la cultura y tradiciones de este hermoso territorio\u201d.<\/p>\n<p>Por su parte, el Concejo Municipal de Caracas realiz\u00f3 un acto especial con motivo del 272 a\u00f1os del Natalicio de Miranda. \u201cPara decirle a las comunidades organizadas que gracias a Miranda, levantamos la <strong>bandera tricolor<\/strong>\u201d, expres\u00f3 el vicepresidente de la C\u00e1mara Municipal de Caracas, Alexander Aranguren. El concejal, Jos\u00e9 Reyes expres\u00f3 que la actividad busca \u201cmantener vivo al caraque\u00f1o universal, y como dijo el comandante Ch\u00e1vez, el hombre que sigue invit\u00e1ndonos a la libertad, a la soberan\u00eda, a la independencia\u201d.<\/p>\n<p>Este lunes 28 de marzo se celebr\u00f3 el D\u00eda del Patrimonio Cultural en Venezuela, seg\u00fan Decreto 2.956, publicado en la Gaceta Oficial n\u00famero 37.955, del a\u00f1o 2004, en homenaje al natalicio de Francisco de Miranda, pr\u00f3cer de nuestra Independencia y pionero en la defensa y conservaci\u00f3n del Patrimonio Cultural de la Humanidad.<\/p>\n<p>Miranda es considerado como <strong>precursor en la conservaci\u00f3n del Patrimonio Cultural<\/strong>, por el hecho de generar y formular criterios referidos al \u201cprincipio y conservaci\u00f3n In situ de las obras de arte\u201d, resaltando la necesidad de mantener los bienes en su contexto cultural, reflejado en la \u201cCartas a Miranda\u201d, sobre el Desplazamiento de los Monumentos de Arte de Italia, de Antoine Quatrem\u00e9re de Quince, dirigidas a Miranda y publicadas por el Instituto Nacional de Patrimonio en 1998.<\/p>\n<p>El pr\u00f3cer Francisco de Miranda, representa en esencia al igual que el <strong>Libertador Sim\u00f3n Bol\u00edvar<\/strong>, los ideales de libertad, igualdad y solidaridad que como designios han ido construyendo la identidad de la naci\u00f3n.<\/p>\n","protected":false},"excerpt":{"rendered":"<p>El Gobierno Nacional conmemor\u00f3 este lunes 28 de marzo, el D\u00eda Nacional del Patrimonio Cultural, para preservar la cultura, tradiciones y costumbres populares. \u00abNuestra cultura es uno de los pilares fundamentales de la Revoluci\u00f3n Bolivariana, y debemos preservarla para que las futuras generaciones le den continuidad. Hoy #28Mar, en el D\u00eda Nacional del Patrimonio Cultural,\u2026 <span class=\"read-more\"><a href=\"https:\/\/consuladobarcelona.gob.ve\/webalterna\/celebran-el-dia-nacional-del-patrimonio-cultural-a-los-272-anos-del-natalicio-de-francisco-de-miranda\/\">Leer m\u00e1s &raquo;<\/a><\/span><\/p>\n","protected":false},"author":3,"featured_media":7232,"comment_status":"closed","ping_status":"closed","sticky":false,"template":"","format":"standard","meta":{"footnotes":""},"categories":[5],"tags":[],"class_list":["post-7231","post","type-post","status-publish","format-standard","has-post-thumbnail","hentry","category-noticias"],"_links":{"self":[{"href":"https:\/\/consuladobarcelona.gob.ve\/webalterna\/wp-json\/wp\/v2\/posts\/7231","targetHints":{"allow":["GET"]}}],"collection":[{"href":"https:\/\/consuladobarcelona.gob.ve\/webalterna\/wp-json\/wp\/v2\/posts"}],"about":[{"href":"https:\/\/consuladobarcelona.gob.ve\/webalterna\/wp-json\/wp\/v2\/types\/post"}],"author":[{"embeddable":true,"href":"https:\/\/consuladobarcelona.gob.ve\/webalterna\/wp-json\/wp\/v2\/users\/3"}],"replies":[{"embeddable":true,"href":"https:\/\/consuladobarcelona.gob.ve\/webalterna\/wp-json\/wp\/v2\/comments?post=7231"}],"version-history":[{"count":3,"href":"https:\/\/consuladobarcelona.gob.ve\/webalterna\/wp-json\/wp\/v2\/posts\/7231\/revisions"}],"predecessor-version":[{"id":7235,"href":"https:\/\/consuladobarcelona.gob.ve\/webalterna\/wp-json\/wp\/v2\/posts\/7231\/revisions\/7235"}],"wp:featuredmedia":[{"embeddable":true,"href":"https:\/\/consuladobarcelona.gob.ve\/webalterna\/wp-json\/wp\/v2\/media\/7232"}],"wp:attachment":[{"href":"https:\/\/consuladobarcelona.gob.ve\/webalterna\/wp-json\/wp\/v2\/media?parent=7231"}],"wp:term":[{"taxonomy":"category","embeddable":true,"href":"https:\/\/consuladobarcelona.gob.ve\/webalterna\/wp-json\/wp\/v2\/categories?post=7231"},{"taxonomy":"post_tag","embeddable":true,"href":"https:\/\/consuladobarcelona.gob.ve\/webalterna\/wp-json\/wp\/v2\/tags?post=7231"}],"curies":[{"name":"wp","href":"https:\/\/api.w.org\/{rel}","templated":true}]}}