{"id":721,"date":"2019-03-21T15:32:09","date_gmt":"2019-03-21T14:32:09","guid":{"rendered":"http:\/\/consuladobarcelona.gob.ve\/webalterna\/?p=721"},"modified":"2019-03-21T15:32:09","modified_gmt":"2019-03-21T14:32:09","slug":"gobierno-de-venezuela-y-grupo-internacional-de-contacto-exploran-vias-de-cooperacion-tecnica","status":"publish","type":"post","link":"https:\/\/consuladobarcelona.gob.ve\/webalterna\/gobierno-de-venezuela-y-grupo-internacional-de-contacto-exploran-vias-de-cooperacion-tecnica\/","title":{"rendered":"Gobierno de Venezuela y Grupo Internacional de Contacto exploran v\u00edas de cooperaci\u00f3n t\u00e9cnica"},"content":{"rendered":"<p>Representantes del Grupo Internacional de Contacto integrado por pa\u00edses miembros de la Uni\u00f3n Europea y Uruguay se reunieron este mi\u00e9rcoles en Caracas con los viceministros venezolanos de Relaciones Exteriores para Europa y Asuntos Multilaterales del Ministerio del Poder Popular para Relaciones Exteriores, Yv\u00e1n Gil y F\u00e9lix Plasencia, respectivamente.<\/p>\n<p>Durante este importante encuentro, el segundo entre delegados del Grupo de Contacto y altos funcionarios del Estado, fueron exploradas las v\u00edas de cooperaci\u00f3n t\u00e9cnica en el marco del sistema de Naciones Unidas y en estricto apego al derecho internacional.<\/p>\n<p>El viceministro Yv\u00e1n Gil plante\u00f3, en este contexto, la necesidad de superar los aspectos relativos al bloqueo econ\u00f3mico y financiero que ha impuesto el gobierno de Estados Unidos a la naci\u00f3n suramericana, que dificulta el acceso a las medicinas y alimentos para la poblaci\u00f3n venezolana.<\/p>\n<p>En este sentido, precis\u00f3 que m\u00e1s de 50 mil millones de d\u00f3lares han sido retenidos en el sistema financiero internacional, de los cuales m\u00e1s de 4 mil 500 millones en activos de r\u00e1pida conversi\u00f3n se mantienen represados s\u00f3lo en Europa. Al respecto, reiter\u00f3 la petici\u00f3n del Ejecutivo nacional a los efectos de que estos recursos sean liberados para la compra inmediata de medicinas, bien sea a trav\u00e9s de las estructuras t\u00e9cnicas que disponga la Uni\u00f3n Europea, bien a trav\u00e9s de la Organizaci\u00f3n de Naciones Unidas (ONU).<\/p>\n<p>Del mismo modo, ratific\u00f3 la posici\u00f3n del gobierno del presidente Nicol\u00e1s Maduro en el sentido de recibir todo tipo de colaboraci\u00f3n en el \u00e1mbito de las Naciones Unidas y en el marco de la cooperaci\u00f3n bilateral entre los pa\u00edses que integran el Grupo Internacional de Contacto y Venezuela.<\/p>\n<p>El diplom\u00e1tico enfatiz\u00f3 que las medidas coercitivas unilaterales adoptadas por la administraci\u00f3n de Donald Trump hacia el pa\u00eds latinoamericano vulneran los principios m\u00e1s elementales del derecho internacional y de la Carta de la ONU.<\/p>\n<p>El viceministro F\u00e9lix Plasencia, por su parte, lament\u00f3 la posici\u00f3n asumida por algunos pa\u00edses de la Uni\u00f3n Europea que convalida una situaci\u00f3n contraria a la legislaci\u00f3n y leyes venezolanas, surgida a partir de la autoproclamaci\u00f3n del diputado a la Asamblea Nacional \u2013en desacato- Juan Guaid\u00f3.<\/p>\n<p>A finales de febrero pasado, el canciller de la Rep\u00fablica Bolivariana de Venezuela, Jorge Arreaza, recibi\u00f3 una delegaci\u00f3n del Grupo Internacional de Contacto, establecido el pasado 7 de febrero en Uruguay, dando cumplimiento a las instrucciones del presidente Nicol\u00e1s Maduro enfocadas en preservar la paz del pa\u00eds suramericano.<\/p>\n<p>En esa ocasi\u00f3n, el ministro del Poder Popular para Relaciones Exteriores recalc\u00f3 la necesidad de avanzar hacia el establecimiento de un mecanismo de di\u00e1logo nacional sin condicionamiento ni injerencias externas, que posibilite no s\u00f3lo el entendimiento pol\u00edtico entre las partes en controversia en Venezuela sino tambi\u00e9n la preservaci\u00f3n de la paz y la recuperaci\u00f3n econ\u00f3mica de la naci\u00f3n.<\/p>\n","protected":false},"excerpt":{"rendered":"<p>Representantes del Grupo Internacional de Contacto integrado por pa\u00edses miembros de la Uni\u00f3n Europea y Uruguay se reunieron este mi\u00e9rcoles en Caracas con los viceministros venezolanos de Relaciones Exteriores para Europa y Asuntos Multilaterales del Ministerio del Poder Popular para Relaciones Exteriores, Yv\u00e1n Gil y F\u00e9lix Plasencia, respectivamente. Durante este importante encuentro, el segundo entre\u2026 <span class=\"read-more\"><a href=\"https:\/\/consuladobarcelona.gob.ve\/webalterna\/gobierno-de-venezuela-y-grupo-internacional-de-contacto-exploran-vias-de-cooperacion-tecnica\/\">Leer m\u00e1s &raquo;<\/a><\/span><\/p>\n","protected":false},"author":3,"featured_media":722,"comment_status":"closed","ping_status":"closed","sticky":false,"template":"","format":"standard","meta":{"footnotes":""},"categories":[5],"tags":[],"class_list":["post-721","post","type-post","status-publish","format-standard","has-post-thumbnail","hentry","category-noticias"],"_links":{"self":[{"href":"https:\/\/consuladobarcelona.gob.ve\/webalterna\/wp-json\/wp\/v2\/posts\/721","targetHints":{"allow":["GET"]}}],"collection":[{"href":"https:\/\/consuladobarcelona.gob.ve\/webalterna\/wp-json\/wp\/v2\/posts"}],"about":[{"href":"https:\/\/consuladobarcelona.gob.ve\/webalterna\/wp-json\/wp\/v2\/types\/post"}],"author":[{"embeddable":true,"href":"https:\/\/consuladobarcelona.gob.ve\/webalterna\/wp-json\/wp\/v2\/users\/3"}],"replies":[{"embeddable":true,"href":"https:\/\/consuladobarcelona.gob.ve\/webalterna\/wp-json\/wp\/v2\/comments?post=721"}],"version-history":[{"count":1,"href":"https:\/\/consuladobarcelona.gob.ve\/webalterna\/wp-json\/wp\/v2\/posts\/721\/revisions"}],"predecessor-version":[{"id":723,"href":"https:\/\/consuladobarcelona.gob.ve\/webalterna\/wp-json\/wp\/v2\/posts\/721\/revisions\/723"}],"wp:featuredmedia":[{"embeddable":true,"href":"https:\/\/consuladobarcelona.gob.ve\/webalterna\/wp-json\/wp\/v2\/media\/722"}],"wp:attachment":[{"href":"https:\/\/consuladobarcelona.gob.ve\/webalterna\/wp-json\/wp\/v2\/media?parent=721"}],"wp:term":[{"taxonomy":"category","embeddable":true,"href":"https:\/\/consuladobarcelona.gob.ve\/webalterna\/wp-json\/wp\/v2\/categories?post=721"},{"taxonomy":"post_tag","embeddable":true,"href":"https:\/\/consuladobarcelona.gob.ve\/webalterna\/wp-json\/wp\/v2\/tags?post=721"}],"curies":[{"name":"wp","href":"https:\/\/api.w.org\/{rel}","templated":true}]}}