{"id":683,"date":"2019-03-20T10:05:52","date_gmt":"2019-03-20T09:05:52","guid":{"rendered":"http:\/\/consuladobarcelona.gob.ve\/webalterna\/?p=683"},"modified":"2019-03-20T10:08:27","modified_gmt":"2019-03-20T09:08:27","slug":"van-por-el-oro-venezolano-ee-uu-sanciona-a-mineria-estatal-y-amenaza-con-ser-mas-duros","status":"publish","type":"post","link":"https:\/\/consuladobarcelona.gob.ve\/webalterna\/van-por-el-oro-venezolano-ee-uu-sanciona-a-mineria-estatal-y-amenaza-con-ser-mas-duros\/","title":{"rendered":"Van por el oro venezolano: EE.UU sanciona a miner\u00eda estatal y amenaza con \u00abser m\u00e1s duros\u00bb"},"content":{"rendered":"<div class=\"txt_newworld\">\n<p>El Departamento del Tesoro de Estados Unidos (EE.UU.) anunci\u00f3 este martes sanciones contra la Compa\u00f1\u00eda General de Miner\u00eda Venezolana (Minerven), adscrita a la Corporaci\u00f3n Venezolana de Guayana (CVG), y su Persidente, Adri\u00e1n Antonio Perdomo. La medida tiene como objetivo bloquear los activos de la miner\u00eda estatal y prohibir a los estadounidenses establecer relaciones comerciales con esa compa\u00f1\u00eda.<\/p>\n<p>Minerven, propiedad del Estado venezolano y con sede en El Callao (Venezuela), se dedica a explorar, explotar y procesar el oro de las minas de Guayana, en el sur del pa\u00eds. Fue incluida en la lista de sancionados de la Oficina para el Control de Activos Extranjeros (OFAC, por sus siglas en ingl\u00e9s), mientras que su presidente Adri\u00e1n Antonio Perdomo Mata, est\u00e1 en la lista &#8216;Ciudadanos Especialmente Designados y Entidades Bloqueadas&#8217; (SDN, por sus siglas en ingl\u00e9s).<\/p>\n<p>El Departamento del Tesoro, en el comunicado, justifica las sanciones contra Minerven por supuestas \u00aboperaciones il\u00edcitas en oro\u00bb del Estado venezolano, sin dar detalles o pruebas. Adem\u00e1s, el ente emisor de las sanciones intenta descalificar al Arco Minero del Orinoco, ubicado en el estado Bol\u00edvar (regi\u00f3n suroriental), con acusaciones de amenazas al medio ambiente y a los derechos de los pueblos originarios.<\/p>\n<p>Al mismo tiempo que EE.UU. anunciaba estas sanciones, en el Cauca, Colombia, cientos de ind\u00edgenas y campesinos eran reprimidos con armas de fuego mientras protestan por la defensa de sus tierras\u00a0y en rechazo a la\u00a0contaminaci\u00f3n de proyectos mineros.<\/p>\n<p>El Gobierno de Venezuela ha denunciado que la Administraci\u00f3n de Donald Trump busca apoderarse de los recursos naturales de la naci\u00f3n suramericana, mediante sanciones a sus empresas como el caso de la filial petrolera Citgo. Ahora, el oro venezolano parece estar en la mira con las sanciones a Minerven. Una haza\u00f1a que ya consigui\u00f3 el Banco de Inglaterra al robar 14 toneladas del metal, valoradas en 550 millones de d\u00f3lares, en febrero pasado.<\/p>\n<p>El presidente Donald Trump amenaz\u00f3 este martes con sanciones \u00abmucho m\u00e1s duras\u00bb contra Venezuela. La declaraci\u00f3n la hizo junto a su hom\u00f3logo de Brasil, Jair Bolsonaro, en Washignton. \u00abPodemos ser mucho m\u00e1s duros, si necesitamos hacerlo\u00bb, dijo el mandatario estadounidense y reiter\u00f3 que \u00abtodas las opciones son posibles\u00bb en cuanto a las agresiones contra Venezuela.<\/p>\n<\/div>\n","protected":false},"excerpt":{"rendered":"<p>El Departamento del Tesoro de Estados Unidos (EE.UU.) anunci\u00f3 este martes sanciones contra la Compa\u00f1\u00eda General de Miner\u00eda Venezolana (Minerven), adscrita a la Corporaci\u00f3n Venezolana de Guayana (CVG), y su Persidente, Adri\u00e1n Antonio Perdomo. La medida tiene como objetivo bloquear los activos de la miner\u00eda estatal y prohibir a los estadounidenses establecer relaciones comerciales con\u2026 <span class=\"read-more\"><a href=\"https:\/\/consuladobarcelona.gob.ve\/webalterna\/van-por-el-oro-venezolano-ee-uu-sanciona-a-mineria-estatal-y-amenaza-con-ser-mas-duros\/\">Leer m\u00e1s &raquo;<\/a><\/span><\/p>\n","protected":false},"author":3,"featured_media":684,"comment_status":"closed","ping_status":"closed","sticky":false,"template":"","format":"standard","meta":{"footnotes":""},"categories":[5],"tags":[],"class_list":["post-683","post","type-post","status-publish","format-standard","has-post-thumbnail","hentry","category-noticias"],"_links":{"self":[{"href":"https:\/\/consuladobarcelona.gob.ve\/webalterna\/wp-json\/wp\/v2\/posts\/683","targetHints":{"allow":["GET"]}}],"collection":[{"href":"https:\/\/consuladobarcelona.gob.ve\/webalterna\/wp-json\/wp\/v2\/posts"}],"about":[{"href":"https:\/\/consuladobarcelona.gob.ve\/webalterna\/wp-json\/wp\/v2\/types\/post"}],"author":[{"embeddable":true,"href":"https:\/\/consuladobarcelona.gob.ve\/webalterna\/wp-json\/wp\/v2\/users\/3"}],"replies":[{"embeddable":true,"href":"https:\/\/consuladobarcelona.gob.ve\/webalterna\/wp-json\/wp\/v2\/comments?post=683"}],"version-history":[{"count":3,"href":"https:\/\/consuladobarcelona.gob.ve\/webalterna\/wp-json\/wp\/v2\/posts\/683\/revisions"}],"predecessor-version":[{"id":687,"href":"https:\/\/consuladobarcelona.gob.ve\/webalterna\/wp-json\/wp\/v2\/posts\/683\/revisions\/687"}],"wp:featuredmedia":[{"embeddable":true,"href":"https:\/\/consuladobarcelona.gob.ve\/webalterna\/wp-json\/wp\/v2\/media\/684"}],"wp:attachment":[{"href":"https:\/\/consuladobarcelona.gob.ve\/webalterna\/wp-json\/wp\/v2\/media?parent=683"}],"wp:term":[{"taxonomy":"category","embeddable":true,"href":"https:\/\/consuladobarcelona.gob.ve\/webalterna\/wp-json\/wp\/v2\/categories?post=683"},{"taxonomy":"post_tag","embeddable":true,"href":"https:\/\/consuladobarcelona.gob.ve\/webalterna\/wp-json\/wp\/v2\/tags?post=683"}],"curies":[{"name":"wp","href":"https:\/\/api.w.org\/{rel}","templated":true}]}}