{"id":677,"date":"2019-03-20T09:43:13","date_gmt":"2019-03-20T08:43:13","guid":{"rendered":"http:\/\/consuladobarcelona.gob.ve\/webalterna\/?p=677"},"modified":"2019-03-20T09:56:20","modified_gmt":"2019-03-20T08:56:20","slug":"venezuela-advierte-sobre-peligrosas-declaraciones-de-trump-y-bolsonaro-contra-la-paz-y-seguridad-mundial","status":"publish","type":"post","link":"https:\/\/consuladobarcelona.gob.ve\/webalterna\/venezuela-advierte-sobre-peligrosas-declaraciones-de-trump-y-bolsonaro-contra-la-paz-y-seguridad-mundial\/","title":{"rendered":"Venezuela advierte sobre peligrosas declaraciones de Trump y Bolsonaro contra la paz y seguridad mundial"},"content":{"rendered":"<div class=\"b-article__lead\">\n<p>El Gobierno venezolano conden\u00f3 y calific\u00f3 de peligrosas las declaraciones de los presidentes de Estados Unidos, Donald Trump, y de Brasil, Jair Bolsonaro, sobre la situaci\u00f3n en el pa\u00eds caribe\u00f1o tras una reuni\u00f3n entre ambos en Washington. \u00abEl Gobierno de la Rep\u00fablica Bolivariana de Venezuela expresa su contundente rechazo a las peligrosas declaraciones de los presidentes de Estados Unidos, Donald Trump, y del Brasil, Jair Bolsonaro, el d\u00eda de hoy martes 19 de marzo de 2019\u00bb, se\u00f1ala el comunicado difundido por el canciller Jorge Arreaza, en la red social Twitter.<\/p>\n<p>El texto llama la atenci\u00f3n sobre la <strong>clara y flagrante violaci\u00f3n de la Carta de las Naciones Unidas<\/strong> por parte de dos Jefes de Estado que <strong>en forma descarada y destemplada hacen apolog\u00eda a la guerra internacional<\/strong>. De hecho, a preguntas de los periodistas \u2013seleccionados previamente\u2013, Trump elogi\u00f3 la actitud de su colega, que sigui\u00f3 de inmediato los pasos de EE.UU. al reconocer a Juan Guaid\u00f3 como presidente interino. \u201c<strong>Todas las opciones est\u00e1n abiertas, todo est\u00e1 sobre la mesa<\/strong>\u201d, subray\u00f3 a la cuesti\u00f3n concreta de una posible intervenci\u00f3n militar para echar a Nicol\u00e1s Maduro del poder. <strong>Trump asegur\u00f3 que a\u00fan no ha impuesto las sanciones m\u00e1s duras contra Venezuela<\/strong>, mientras, Bolsonaro se comprometi\u00f3 con el \u00abrestablecimiento de la democracia\u00bb en la naci\u00f3n sudamericana. El Gobierno del presidente Nicol\u00e1s Maduro consider\u00f3 que se trata de una amenaza a la paz y la seguridad mundial.<\/p>\n<p><strong>Trmp anunci\u00f3 que \u201cdesignar\u00e9 a Brasil como un aliado estrat\u00e9gico fuera de la OTAN, o quiz\u00e1 incluso su ingreso como aliado en la OTAN\u201d<\/strong>. Brasil se convertir\u00e1 as\u00ed en el segundo pa\u00eds latinoamericano, despu\u00e9s de Argentina, con el estatus especial de aliado militar estrat\u00e9gico de EE.UU. fuera de la citada organizaci\u00f3n, y en apenas el d\u00e9cimo octavo del mundo que logra este estatus. Tambi\u00e9n confirm\u00f3 que ha cerrado un acuerdo con Bolsonaro para usar la estrat\u00e9gica base espacial de Alc\u00e1ntara, en la Amazon\u00eda, para lanzar sat\u00e9lites espaciales. En el comunicado de Cancilelris, Venezuela hace un llamado a defender la Amazon\u00eda, en riesgo por las apetencias imperiales que tratan de apropiarse de una gran zona suramericana para sus intereses extrarregionales.<\/p>\n<\/div>\n<p>A continuaci\u00f3n el texto del comunicado oficial de Venezuela:<\/p>\n<p><img loading=\"lazy\" decoding=\"async\" class=\"wp-image-45973 size-full\" src=\"http:\/\/vtv.gob.ve\/wp-content\/uploads\/2019\/03\/comunciado-bolsonaro-trump-1932019.jpg\" sizes=\"auto, (max-width: 804px) 100vw, 804px\" srcset=\"http:\/\/vtv.gob.ve\/wp-content\/uploads\/2019\/03\/comunciado-bolsonaro-trump-1932019.jpg 804w, http:\/\/vtv.gob.ve\/wp-content\/uploads\/2019\/03\/comunciado-bolsonaro-trump-1932019-236x300.jpg 236w, http:\/\/vtv.gob.ve\/wp-content\/uploads\/2019\/03\/comunciado-bolsonaro-trump-1932019-768x978.jpg 768w\" alt=\"Comunicado Oficial en repudio a declaraciones de Donald Trump y Jair Bolsonaro (Foto MPPRE)\" width=\"804\" height=\"1024\" \/><\/p>\n","protected":false},"excerpt":{"rendered":"<p>El Gobierno venezolano conden\u00f3 y calific\u00f3 de peligrosas las declaraciones de los presidentes de Estados Unidos, Donald Trump, y de Brasil, Jair Bolsonaro, sobre la situaci\u00f3n en el pa\u00eds caribe\u00f1o tras una reuni\u00f3n entre ambos en Washington. \u00abEl Gobierno de la Rep\u00fablica Bolivariana de Venezuela expresa su contundente rechazo a las peligrosas declaraciones de los\u2026 <span class=\"read-more\"><a href=\"https:\/\/consuladobarcelona.gob.ve\/webalterna\/venezuela-advierte-sobre-peligrosas-declaraciones-de-trump-y-bolsonaro-contra-la-paz-y-seguridad-mundial\/\">Leer m\u00e1s &raquo;<\/a><\/span><\/p>\n","protected":false},"author":3,"featured_media":678,"comment_status":"closed","ping_status":"closed","sticky":false,"template":"","format":"standard","meta":{"footnotes":""},"categories":[5],"tags":[],"class_list":["post-677","post","type-post","status-publish","format-standard","has-post-thumbnail","hentry","category-noticias"],"_links":{"self":[{"href":"https:\/\/consuladobarcelona.gob.ve\/webalterna\/wp-json\/wp\/v2\/posts\/677","targetHints":{"allow":["GET"]}}],"collection":[{"href":"https:\/\/consuladobarcelona.gob.ve\/webalterna\/wp-json\/wp\/v2\/posts"}],"about":[{"href":"https:\/\/consuladobarcelona.gob.ve\/webalterna\/wp-json\/wp\/v2\/types\/post"}],"author":[{"embeddable":true,"href":"https:\/\/consuladobarcelona.gob.ve\/webalterna\/wp-json\/wp\/v2\/users\/3"}],"replies":[{"embeddable":true,"href":"https:\/\/consuladobarcelona.gob.ve\/webalterna\/wp-json\/wp\/v2\/comments?post=677"}],"version-history":[{"count":4,"href":"https:\/\/consuladobarcelona.gob.ve\/webalterna\/wp-json\/wp\/v2\/posts\/677\/revisions"}],"predecessor-version":[{"id":682,"href":"https:\/\/consuladobarcelona.gob.ve\/webalterna\/wp-json\/wp\/v2\/posts\/677\/revisions\/682"}],"wp:featuredmedia":[{"embeddable":true,"href":"https:\/\/consuladobarcelona.gob.ve\/webalterna\/wp-json\/wp\/v2\/media\/678"}],"wp:attachment":[{"href":"https:\/\/consuladobarcelona.gob.ve\/webalterna\/wp-json\/wp\/v2\/media?parent=677"}],"wp:term":[{"taxonomy":"category","embeddable":true,"href":"https:\/\/consuladobarcelona.gob.ve\/webalterna\/wp-json\/wp\/v2\/categories?post=677"},{"taxonomy":"post_tag","embeddable":true,"href":"https:\/\/consuladobarcelona.gob.ve\/webalterna\/wp-json\/wp\/v2\/tags?post=677"}],"curies":[{"name":"wp","href":"https:\/\/api.w.org\/{rel}","templated":true}]}}