{"id":673,"date":"2019-03-18T14:11:52","date_gmt":"2019-03-18T13:11:52","guid":{"rendered":"http:\/\/consuladobarcelona.gob.ve\/webalterna\/?p=673"},"modified":"2019-03-19T11:39:47","modified_gmt":"2019-03-19T10:39:47","slug":"amistoso-de-futbol-cataluna-venezuela-consul-capella-destaca-talento-vinotinto","status":"publish","type":"post","link":"https:\/\/consuladobarcelona.gob.ve\/webalterna\/amistoso-de-futbol-cataluna-venezuela-consul-capella-destaca-talento-vinotinto\/","title":{"rendered":"Amistoso de f\u00fatbol Catalu\u00f1a-Venezuela: C\u00f3nsul Capella destaca talento vinotinto"},"content":{"rendered":"<p align=\"justify\">Este lunes 18 de marzo, el C\u00f3nsul General de Venezuela en Barcelona, Ricardo Capella, particip\u00f3 en la presentaci\u00f3n del encuentro amistoso de f\u00fatbol entre la selecci\u00f3n catalana y la de Venezuela, que se disputar\u00e1 el pr\u00f3ximo lunes 25 de marzo en el Estadio Municipal de Montilivi, en Girona.<\/p>\n<p align=\"justify\">Durante la rueda de prensa en el Palacio de la Generalitat en Barcelona, el diplom\u00e1tico destac\u00f3 la experiencia y preparaci\u00f3n de la selecci\u00f3n venezolana, y record\u00f3 que para el equipo vinotinto, este partido forma parte de la preparaci\u00f3n de cara a la Copa Am\u00e9rica Brasil 2019. Agradeci\u00f3 poder jugar en Girona y dijo que espera que el partido sirva para que ambas selecciones se conozcan. \u201cMuchos de nuestros jugadores vienen de la Sub-20, sub-campeona mundial hace solo dos a\u00f1os\u201d, apunt\u00f3.<\/p>\n<p align=\"justify\">En la presentaci\u00f3n del encuentro, participaron el presidente de la Federaci\u00f3n Catalana de F\u00fatbol (FCF), Joan Soteras; la alcaldesa de Girona, Marta Madrenas; el presidente del Girona, Delf\u00ed Geli; la Consejera de la Presidencia, Elsa Artadi.<\/p>\n<p align=\"justify\">El del pr\u00f3ximo 25 de marzo, ser\u00e1 el primer partido de la selecci\u00f3n catalana desde 2016, cuando el combinado perdi\u00f3 en penaltis contra T\u00fanez, tambi\u00e9n en el terreno gerundense. Para Venezuela, actualmente la n\u00famero 31 en el ranking FIFA, ser\u00e1 el segundo amistoso de marzo, adem\u00e1s del ya confirmado contra la selecci\u00f3n de Argentina.<\/p>\n","protected":false},"excerpt":{"rendered":"<p>Este lunes 18 de marzo, el C\u00f3nsul General de Venezuela en Barcelona, Ricardo Capella, particip\u00f3 en la presentaci\u00f3n del encuentro amistoso de f\u00fatbol entre la selecci\u00f3n catalana y la de Venezuela, que se disputar\u00e1 el pr\u00f3ximo lunes 25 de marzo en el Estadio Municipal de Montilivi, en Girona. Durante la rueda de prensa en el\u2026 <span class=\"read-more\"><a href=\"https:\/\/consuladobarcelona.gob.ve\/webalterna\/amistoso-de-futbol-cataluna-venezuela-consul-capella-destaca-talento-vinotinto\/\">Leer m\u00e1s &raquo;<\/a><\/span><\/p>\n","protected":false},"author":3,"featured_media":674,"comment_status":"closed","ping_status":"closed","sticky":false,"template":"","format":"standard","meta":{"footnotes":""},"categories":[9,5],"tags":[],"class_list":["post-673","post","type-post","status-publish","format-standard","has-post-thumbnail","hentry","category-avisos-importantes","category-noticias"],"_links":{"self":[{"href":"https:\/\/consuladobarcelona.gob.ve\/webalterna\/wp-json\/wp\/v2\/posts\/673","targetHints":{"allow":["GET"]}}],"collection":[{"href":"https:\/\/consuladobarcelona.gob.ve\/webalterna\/wp-json\/wp\/v2\/posts"}],"about":[{"href":"https:\/\/consuladobarcelona.gob.ve\/webalterna\/wp-json\/wp\/v2\/types\/post"}],"author":[{"embeddable":true,"href":"https:\/\/consuladobarcelona.gob.ve\/webalterna\/wp-json\/wp\/v2\/users\/3"}],"replies":[{"embeddable":true,"href":"https:\/\/consuladobarcelona.gob.ve\/webalterna\/wp-json\/wp\/v2\/comments?post=673"}],"version-history":[{"count":1,"href":"https:\/\/consuladobarcelona.gob.ve\/webalterna\/wp-json\/wp\/v2\/posts\/673\/revisions"}],"predecessor-version":[{"id":675,"href":"https:\/\/consuladobarcelona.gob.ve\/webalterna\/wp-json\/wp\/v2\/posts\/673\/revisions\/675"}],"wp:featuredmedia":[{"embeddable":true,"href":"https:\/\/consuladobarcelona.gob.ve\/webalterna\/wp-json\/wp\/v2\/media\/674"}],"wp:attachment":[{"href":"https:\/\/consuladobarcelona.gob.ve\/webalterna\/wp-json\/wp\/v2\/media?parent=673"}],"wp:term":[{"taxonomy":"category","embeddable":true,"href":"https:\/\/consuladobarcelona.gob.ve\/webalterna\/wp-json\/wp\/v2\/categories?post=673"},{"taxonomy":"post_tag","embeddable":true,"href":"https:\/\/consuladobarcelona.gob.ve\/webalterna\/wp-json\/wp\/v2\/tags?post=673"}],"curies":[{"name":"wp","href":"https:\/\/api.w.org\/{rel}","templated":true}]}}