{"id":6543,"date":"2021-11-04T11:06:42","date_gmt":"2021-11-04T10:06:42","guid":{"rendered":"https:\/\/consuladobarcelona.gob.ve\/webalterna\/?p=6543"},"modified":"2021-11-04T11:07:10","modified_gmt":"2021-11-04T10:07:10","slug":"an-aprueba-por-unanimidad-acuerdo-en-honor-a-80-anos-del-natalicio-del-padre-creador-de-la-cancion-bolivariana-ali-primera","status":"publish","type":"post","link":"https:\/\/consuladobarcelona.gob.ve\/webalterna\/an-aprueba-por-unanimidad-acuerdo-en-honor-a-80-anos-del-natalicio-del-padre-creador-de-la-cancion-bolivariana-ali-primera\/","title":{"rendered":"AN aprueba Acuerdo en Honor del Padre creador de la Canci\u00f3n Bolivariana, Al\u00ed Primera"},"content":{"rendered":"<p>Este mi\u00e9rcoles 3 de noviembre, los diputados y diputadas de la <strong>Asamblea Nacional <\/strong>aprobaron por unanimidad el acuerdo de <strong>Homenaje al Cantor creador de la Canci\u00f3n Bolivariana, Al\u00ed Primera, en celebraci\u00f3n de los 80 a\u00f1os de su natalicio<\/strong> y que reitera el apoyo a la declaratoria del 31 de octubre de cada a\u00f1o como <em><strong>D\u00eda de la Canci\u00f3n Necesaria.<\/strong><\/em><\/p>\n<p>En una sesi\u00f3n ordinaria en la Plenaria del Hemiciclo del Palacio Federal Legislativo, el presidente de la directiva, Jorge Rodr\u00edguez, alab\u00f3 las canciones de Al\u00ed, cantadas en la sesi\u00f3n por sus hijos, familiares y su compa\u00f1era Sol Musset quien es diputada de la Rep\u00fablica.<\/p>\n<p>\u201cQueda aprobado por unanimidad, el acuerdo conmemorativo de esta Asamblea Nacional para cantar la poes\u00eda, la ternura, la lucha, la alegr\u00eda, la visi\u00f3n de futuro; la Patria que so\u00f1\u00f3 Al\u00ed, y que estamos construyendo todos y todas. Aqu\u00ed est\u00e1 Al\u00ed Primera, est\u00e1 su compa\u00f1era, sus hijos y hermanos, que tambi\u00e9n somos nosotros; tu canto est\u00e1 con nosotros en las luchas cotidianas y en la construcci\u00f3n al del futuro. \u00a1Vamos contigo siempre, Al\u00ed, nuestro poeta y Padre Cantor!\u201d, dijo Rodr\u00edguez.<\/p>\n<p>El diputado Juan Sim\u00f3n Primera, hijo del homenajeado, tom\u00f3 la palabra desde la tribuna de oradores para hacer una defensa de la memoria y obra de su padre. Diferenci\u00f3 los t\u00e9rminos de cantante y cantor, y coment\u00f3 que el mismo Al\u00ed dijo que el segundo canta al lado del pueblo, como lo hizo \u00e9l. Acot\u00f3 que \u201cAl\u00ed primera es un hombre, no es una leyenda\u201d, y es y ser\u00e1 el mejor narrador de los venezolanos y venezolanas, porque es considerado como el cantor del pueblo y quien <strong>bautiz\u00f3 la idea bolivariana en Venezuela a trav\u00e9s de sus cantos y poes\u00edas<\/strong>, es decir, la ideolog\u00eda bolivariana.<\/p>\n<p>El proyecto legislativo, titulado \u201cAcuerdo de 80 a\u00f1os de canto, amor y lucha de Al\u00ed Primera\u201d, fue le\u00eddo por el diputado y periodista Earle Herrera, y mientras daba lectura a cada considerando, Sandino, Jos\u00e9 Sim\u00f3n y otros de los hijos y familiares de Primera entonaban las canciones que hicieron historia en la voz del cantautor.<\/p>\n<p>En el documento se establecieron <strong>5 puntos de acuerdo<\/strong>: reiterar a Al\u00ed como padre Creador de la Canci\u00f3n Bolivariana; el apoyo al decreto del presidente Nicol\u00e1s Maduro al declarar <strong>el 31 de octubre como D\u00eda de la Canci\u00f3n Necesaria en honor al cantautor<\/strong>; entregar el Documento a su compa\u00f1era y actual diputada Sol Musset, sus hijos y familiares presentes en el Palacio Legislativo, y difundir masivamente por medios tradicionales y digitales, el texto aprobado en forma musical y un\u00e1nime por las parlamentarias y parlamentarios de Venezuela.<\/p>\n<p>Uno de sus hijos, antes de cerrar la ceremonia con una de las canciones de Al\u00ed, tom\u00f3 la palabra para agradecer este homenaje que consider\u00f3 merecido e hist\u00f3rico.<\/p>\n<p>\u201cAl\u00ed est\u00e1 vivo, y su lucha de unidad y trabajo por el pueblo venezolano. Y esta lucha tiene que seguir adelante, porque Bol\u00edvar no puede quedarse en los libros ni volver a morir, sino que su llama siga para alimentarnos a nosotros y a las generaciones por venir\u201d.<\/p>\n<p>Dijo que la generaci\u00f3n juglar que canta las letras de Al\u00ed se unen al acuerdo, porque<strong> el 31 de octubre es un homenaje a las luchas<\/strong> que dio en el siglo pasado y que convirtieron sus canciones en himnos y consignas de lucha. \u201cY lo mayameros no podr\u00e1n decir que esta canci\u00f3n en suya, porque esta canci\u00f3n es bolivariana\u201d.<\/p>\n<p><strong>\u201cY ahora m\u00e1s que nunca, cuando la Patria est\u00e1 asediada y debemos defenderla, el canto de Al\u00ed estar\u00e1 vigente por 80 a\u00f1os m\u00e1s\u201d<\/strong>, concluy\u00f3.<\/p>\n","protected":false},"excerpt":{"rendered":"<p>Este mi\u00e9rcoles 3 de noviembre, los diputados y diputadas de la Asamblea Nacional aprobaron por unanimidad el acuerdo de Homenaje al Cantor creador de la Canci\u00f3n Bolivariana, Al\u00ed Primera, en celebraci\u00f3n de los 80 a\u00f1os de su natalicio y que reitera el apoyo a la declaratoria del 31 de octubre de cada a\u00f1o como D\u00eda\u2026 <span class=\"read-more\"><a href=\"https:\/\/consuladobarcelona.gob.ve\/webalterna\/an-aprueba-por-unanimidad-acuerdo-en-honor-a-80-anos-del-natalicio-del-padre-creador-de-la-cancion-bolivariana-ali-primera\/\">Leer m\u00e1s &raquo;<\/a><\/span><\/p>\n","protected":false},"author":3,"featured_media":6544,"comment_status":"closed","ping_status":"closed","sticky":false,"template":"","format":"standard","meta":{"footnotes":""},"categories":[5],"tags":[],"class_list":["post-6543","post","type-post","status-publish","format-standard","has-post-thumbnail","hentry","category-noticias"],"_links":{"self":[{"href":"https:\/\/consuladobarcelona.gob.ve\/webalterna\/wp-json\/wp\/v2\/posts\/6543","targetHints":{"allow":["GET"]}}],"collection":[{"href":"https:\/\/consuladobarcelona.gob.ve\/webalterna\/wp-json\/wp\/v2\/posts"}],"about":[{"href":"https:\/\/consuladobarcelona.gob.ve\/webalterna\/wp-json\/wp\/v2\/types\/post"}],"author":[{"embeddable":true,"href":"https:\/\/consuladobarcelona.gob.ve\/webalterna\/wp-json\/wp\/v2\/users\/3"}],"replies":[{"embeddable":true,"href":"https:\/\/consuladobarcelona.gob.ve\/webalterna\/wp-json\/wp\/v2\/comments?post=6543"}],"version-history":[{"count":2,"href":"https:\/\/consuladobarcelona.gob.ve\/webalterna\/wp-json\/wp\/v2\/posts\/6543\/revisions"}],"predecessor-version":[{"id":6546,"href":"https:\/\/consuladobarcelona.gob.ve\/webalterna\/wp-json\/wp\/v2\/posts\/6543\/revisions\/6546"}],"wp:featuredmedia":[{"embeddable":true,"href":"https:\/\/consuladobarcelona.gob.ve\/webalterna\/wp-json\/wp\/v2\/media\/6544"}],"wp:attachment":[{"href":"https:\/\/consuladobarcelona.gob.ve\/webalterna\/wp-json\/wp\/v2\/media?parent=6543"}],"wp:term":[{"taxonomy":"category","embeddable":true,"href":"https:\/\/consuladobarcelona.gob.ve\/webalterna\/wp-json\/wp\/v2\/categories?post=6543"},{"taxonomy":"post_tag","embeddable":true,"href":"https:\/\/consuladobarcelona.gob.ve\/webalterna\/wp-json\/wp\/v2\/tags?post=6543"}],"curies":[{"name":"wp","href":"https:\/\/api.w.org\/{rel}","templated":true}]}}