{"id":620,"date":"2019-03-08T17:08:35","date_gmt":"2019-03-08T16:08:35","guid":{"rendered":"http:\/\/consuladobarcelona.gob.ve\/webalterna\/?p=620"},"modified":"2019-03-08T17:09:58","modified_gmt":"2019-03-08T16:09:58","slug":"apagon-en-venezuela-el-gobierno-denuncia-sabotaje","status":"publish","type":"post","link":"https:\/\/consuladobarcelona.gob.ve\/webalterna\/apagon-en-venezuela-el-gobierno-denuncia-sabotaje\/","title":{"rendered":"Apag\u00f3n en Venezuela: El Gobierno denuncia sabotaje"},"content":{"rendered":"<p align=\"justify\">Durante este viernes no habr\u00e1 clases y se decret\u00f3 asueto para los trabajadores de Venezuela debido al apag\u00f3n que todav\u00eda afecta a gran parte del pa\u00eds. Seg\u00fan inform\u00f3 la vicepresidenta Delcy Rodr\u00edguez, el Gobierno tom\u00f3 esta decisi\u00f3n para \u00abfacilitar los trabajos y esfuerzos para la recuperaci\u00f3n del servicio el\u00e9ctrico en el pa\u00eds\u00bb. El jueves por la tarde, Caracas, la capital, y la gran mayor\u00eda de los 23 estados quedaron sin servicio, seg\u00fan reportaron medios locales.<\/p>\n<p align=\"justify\">Esto afecto el sistema del metro y gener\u00f3 caos de tr\u00e1nsito debido a que los sem\u00e1foros dejaron de funcionar. Adem\u00e1s, luego de algunas horas comenz\u00f3 a faltar el agua en varios edificios, ya que las bombas que permiten cargar sus tanques tambi\u00e9n quedaron inactivas producto del corte de electricidad. Tras la interrupci\u00f3n el\u00e9ctrica, tambi\u00e9n se han registrado fallas en la se\u00f1al telef\u00f3nica y la ca\u00edda de Internet. A esto se suma la cr\u00edtica situaci\u00f3n en varios hospitales.<\/p>\n<p align=\"justify\">Al respecto, la Corporaci\u00f3n El\u00e9ctrica Nacional ha anunciado que fue saboteada la generaci\u00f3n de luz en la central de El Guri, y el incidente forma parte de una \u00abguerra el\u00e9ctrica contra el Estado\u00bb. Adem\u00e1s, se ha informado que est\u00e1n trabajando para recuperar el servicio. En el mismo sentido, el propio Presidente Nicol\u00e1s Maduro escribi\u00f3 en su cuenta de Twitter que \u00abla guerra el\u00e9ctrica anunciada y dirigida por el imperialismo estadounidense\u00bb en contra del pueblo \u00abser\u00e1 derrotada\u00bb.<\/p>\n<p align=\"justify\">De acuerdo a las declaraciones del ministro para la Energ\u00eda El\u00e9ctrica, Luis Motta, la afectaci\u00f3n se ha producido en la \u00abcolumna vertebral de la electricidad\u00bb, ubicada en el estado Bol\u00edvar. La infraestructura afectada es la cuarta central hidroel\u00e9ctrica m\u00e1s potente del mundo, que solo es superada por un proyecto binacional entre Paraguay y Brasil, y dos centrales de China.<\/p>\n<p align=\"justify\">Seg\u00fan inform\u00f3 Telesur, este viernes por la ma\u00f1ana la electricidad se hab\u00eda empezado a restablecer en algunas zonas de Caracas. No obstante, a trav\u00e9s de las redes sociales usuarios sosten\u00edan que el corte se manten\u00eda en la mayor parte del pa\u00eds. Cabe recordar que Mosc\u00fa hab\u00eda advertido que se estar\u00eda planeando el env\u00edo de grupos armados al territorio venezolano con el fin de ejercer actividades subversivas. Al respecto, y tras la fallida intervenci\u00f3n humanitaria, la representante oficial del Ministerio de Relaciones Exteriores de Rusia, Mar\u00eda Zaj\u00e1rova, asegur\u00f3 que Washington se ha propuesto promover una nueva escenificaci\u00f3n. En ese sentido el dirigente chavista y designado por el Gobierno como representante en la frontera, Freddy Bernal, denunci\u00f3 el jueves que el 23 de febrero fall\u00f3 el ingreso de un grupo de paramilitares desde Colombia. (RT)<\/p>\n","protected":false},"excerpt":{"rendered":"<p>Durante este viernes no habr\u00e1 clases y se decret\u00f3 asueto para los trabajadores de Venezuela debido al apag\u00f3n que todav\u00eda afecta a gran parte del pa\u00eds. Seg\u00fan inform\u00f3 la vicepresidenta Delcy Rodr\u00edguez, el Gobierno tom\u00f3 esta decisi\u00f3n para \u00abfacilitar los trabajos y esfuerzos para la recuperaci\u00f3n del servicio el\u00e9ctrico en el pa\u00eds\u00bb. El jueves por\u2026 <span class=\"read-more\"><a href=\"https:\/\/consuladobarcelona.gob.ve\/webalterna\/apagon-en-venezuela-el-gobierno-denuncia-sabotaje\/\">Leer m\u00e1s &raquo;<\/a><\/span><\/p>\n","protected":false},"author":3,"featured_media":621,"comment_status":"closed","ping_status":"closed","sticky":false,"template":"","format":"standard","meta":{"footnotes":""},"categories":[5],"tags":[],"class_list":["post-620","post","type-post","status-publish","format-standard","has-post-thumbnail","hentry","category-noticias"],"_links":{"self":[{"href":"https:\/\/consuladobarcelona.gob.ve\/webalterna\/wp-json\/wp\/v2\/posts\/620","targetHints":{"allow":["GET"]}}],"collection":[{"href":"https:\/\/consuladobarcelona.gob.ve\/webalterna\/wp-json\/wp\/v2\/posts"}],"about":[{"href":"https:\/\/consuladobarcelona.gob.ve\/webalterna\/wp-json\/wp\/v2\/types\/post"}],"author":[{"embeddable":true,"href":"https:\/\/consuladobarcelona.gob.ve\/webalterna\/wp-json\/wp\/v2\/users\/3"}],"replies":[{"embeddable":true,"href":"https:\/\/consuladobarcelona.gob.ve\/webalterna\/wp-json\/wp\/v2\/comments?post=620"}],"version-history":[{"count":2,"href":"https:\/\/consuladobarcelona.gob.ve\/webalterna\/wp-json\/wp\/v2\/posts\/620\/revisions"}],"predecessor-version":[{"id":623,"href":"https:\/\/consuladobarcelona.gob.ve\/webalterna\/wp-json\/wp\/v2\/posts\/620\/revisions\/623"}],"wp:featuredmedia":[{"embeddable":true,"href":"https:\/\/consuladobarcelona.gob.ve\/webalterna\/wp-json\/wp\/v2\/media\/621"}],"wp:attachment":[{"href":"https:\/\/consuladobarcelona.gob.ve\/webalterna\/wp-json\/wp\/v2\/media?parent=620"}],"wp:term":[{"taxonomy":"category","embeddable":true,"href":"https:\/\/consuladobarcelona.gob.ve\/webalterna\/wp-json\/wp\/v2\/categories?post=620"},{"taxonomy":"post_tag","embeddable":true,"href":"https:\/\/consuladobarcelona.gob.ve\/webalterna\/wp-json\/wp\/v2\/tags?post=620"}],"curies":[{"name":"wp","href":"https:\/\/api.w.org\/{rel}","templated":true}]}}