{"id":568,"date":"2019-03-07T10:16:56","date_gmt":"2019-03-07T09:16:56","guid":{"rendered":"http:\/\/consuladobarcelona.gob.ve\/webalterna\/?p=568"},"modified":"2019-03-07T10:17:06","modified_gmt":"2019-03-07T09:17:06","slug":"venezuela-firma-154-alianzas-estrategicas-para-la-produccion-de-diamantes","status":"publish","type":"post","link":"https:\/\/consuladobarcelona.gob.ve\/webalterna\/venezuela-firma-154-alianzas-estrategicas-para-la-produccion-de-diamantes\/","title":{"rendered":"Venezuela firma 154 alianzas estrat\u00e9gicas para la producci\u00f3n de diamantes"},"content":{"rendered":"<p align=\"justify\">El presidente de la Rep\u00fablica Bolivariana de Venezuela, Nicol\u00e1s Maduro firm\u00f3 este mi\u00e9rcoles 154 alianzas estrat\u00e9gicas para la producci\u00f3n de diamantes con Palestina y organizaciones de la miner\u00eda artesanal venezolana en el municipio Cede\u00f1o en Caicara del Orinoco, estado Bol\u00edvar. Las alianzas realizar\u00e1n una<strong> inversi\u00f3n de 605 millones de euros en los pr\u00f3ximos 10 a\u00f1os<\/strong>, detall\u00f3 el ministro del Poder Popular de Desarrollo Minero Ecol\u00f3gico, V\u00edctor Cano.<\/p>\n<p align=\"justify\">Los recursos del proyecto est\u00e1n dirigidos a la exploraci\u00f3n y explotaci\u00f3n del mineral, y se prev\u00e9 que tendr\u00e1 una capacidad de <strong>producir en 20 a\u00f1os unos 120 millones de quilates de diamante<\/strong>. El Gobierno Nacional rubric\u00f3 dichos acuerdos con la Corporaci\u00f3n Ecominera de Diamante de Palestina y con la empresa nacional Diaven, para el fortalecimiento de la Agenda Econ\u00f3mica Bolivariana.<\/p>\n<p align=\"justify\">Maduro hizo un llamado a los mineros artesanales para trabajar juntos: \u201cVamos a aliarnos, sin contaminar, en base al <strong>ecosocialismo<\/strong>\u201d, pidi\u00f3. Asegur\u00f3 que las labores que se realizar\u00e1n con nuevas tecnolog\u00edas son una alianza ganar-ganar para fortalecer los planes sociales.<\/p>\n<p align=\"justify\">Cano, desde Caicara del Orinoco, municipio Cede\u00f1o del estado Bol\u00edvar, resalt\u00f3 que se estima que las reservas sean de mil millones de quilates que se colocar\u00eda como la <strong>primera reserva de diamantes en el mundo<\/strong>. Venezuela, a\u00f1adi\u00f3, est\u00e1 abierta al futuro para promover<strong> alianzas productivas con empresas nacionales y extranjeras, siempre y cuando estas respeten la soberan\u00eda<\/strong> de la naci\u00f3n.<\/p>\n<p align=\"justify\">El Mandatario Nacional destac\u00f3 que una de las fortalezas de la Revoluci\u00f3n Bolivariana es el poder de la <strong>clase obrera<\/strong>. Asimismo, anunci\u00f3 que las riquezas que produzca en el pa\u00eds con petr\u00f3leo, gas, petroqu\u00edmica, briqueta, aluminio, ser\u00e1n distribuida en la <strong>inversi\u00f3n social<\/strong>, la felicidad y la vida del pa\u00eds.<\/p>\n","protected":false},"excerpt":{"rendered":"<p>El presidente de la Rep\u00fablica Bolivariana de Venezuela, Nicol\u00e1s Maduro firm\u00f3 este mi\u00e9rcoles 154 alianzas estrat\u00e9gicas para la producci\u00f3n de diamantes con Palestina y organizaciones de la miner\u00eda artesanal venezolana en el municipio Cede\u00f1o en Caicara del Orinoco, estado Bol\u00edvar. Las alianzas realizar\u00e1n una inversi\u00f3n de 605 millones de euros en los pr\u00f3ximos 10 a\u00f1os,\u2026 <span class=\"read-more\"><a href=\"https:\/\/consuladobarcelona.gob.ve\/webalterna\/venezuela-firma-154-alianzas-estrategicas-para-la-produccion-de-diamantes\/\">Leer m\u00e1s &raquo;<\/a><\/span><\/p>\n","protected":false},"author":3,"featured_media":569,"comment_status":"closed","ping_status":"closed","sticky":false,"template":"","format":"standard","meta":{"footnotes":""},"categories":[5],"tags":[],"class_list":["post-568","post","type-post","status-publish","format-standard","has-post-thumbnail","hentry","category-noticias"],"_links":{"self":[{"href":"https:\/\/consuladobarcelona.gob.ve\/webalterna\/wp-json\/wp\/v2\/posts\/568","targetHints":{"allow":["GET"]}}],"collection":[{"href":"https:\/\/consuladobarcelona.gob.ve\/webalterna\/wp-json\/wp\/v2\/posts"}],"about":[{"href":"https:\/\/consuladobarcelona.gob.ve\/webalterna\/wp-json\/wp\/v2\/types\/post"}],"author":[{"embeddable":true,"href":"https:\/\/consuladobarcelona.gob.ve\/webalterna\/wp-json\/wp\/v2\/users\/3"}],"replies":[{"embeddable":true,"href":"https:\/\/consuladobarcelona.gob.ve\/webalterna\/wp-json\/wp\/v2\/comments?post=568"}],"version-history":[{"count":1,"href":"https:\/\/consuladobarcelona.gob.ve\/webalterna\/wp-json\/wp\/v2\/posts\/568\/revisions"}],"predecessor-version":[{"id":570,"href":"https:\/\/consuladobarcelona.gob.ve\/webalterna\/wp-json\/wp\/v2\/posts\/568\/revisions\/570"}],"wp:featuredmedia":[{"embeddable":true,"href":"https:\/\/consuladobarcelona.gob.ve\/webalterna\/wp-json\/wp\/v2\/media\/569"}],"wp:attachment":[{"href":"https:\/\/consuladobarcelona.gob.ve\/webalterna\/wp-json\/wp\/v2\/media?parent=568"}],"wp:term":[{"taxonomy":"category","embeddable":true,"href":"https:\/\/consuladobarcelona.gob.ve\/webalterna\/wp-json\/wp\/v2\/categories?post=568"},{"taxonomy":"post_tag","embeddable":true,"href":"https:\/\/consuladobarcelona.gob.ve\/webalterna\/wp-json\/wp\/v2\/tags?post=568"}],"curies":[{"name":"wp","href":"https:\/\/api.w.org\/{rel}","templated":true}]}}