{"id":565,"date":"2019-03-07T09:45:36","date_gmt":"2019-03-07T08:45:36","guid":{"rendered":"http:\/\/consuladobarcelona.gob.ve\/webalterna\/?p=565"},"modified":"2019-03-07T09:45:36","modified_gmt":"2019-03-07T08:45:36","slug":"bachelet-mision-onu-llegara-a-venezuela-el-10-de-marzo","status":"publish","type":"post","link":"https:\/\/consuladobarcelona.gob.ve\/webalterna\/bachelet-mision-onu-llegara-a-venezuela-el-10-de-marzo\/","title":{"rendered":"Bachelet: misi\u00f3n ONU llegar\u00e1 a Venezuela el 10 de marzo"},"content":{"rendered":"<p align=\"justify\">El pr\u00f3ximo 10 de marzo llegar\u00e1 a Venezuela una misi\u00f3n t\u00e9cnica con el fin de evaluar si existen las condiciones para una eventual visita personal de la Alta Comisionada para los Derechos Humanos de la Organizaci\u00f3n de las Naciones Unidas, Michelle Bachelet. Los delegados verificar\u00e1n si hay garant\u00edas de acceso a todos los lugares y personas con los que necesitar\u00eda reunirse Bachelet, de llegar a concertarse una visita oficial, para evaluar imparcialmente la situaci\u00f3n en el pa\u00eds.<\/p>\n<p align=\"justify\">El 27 de febrero, durante un encuentro con la expresidenta chilena, el canciller, Jorge Arreaza, reiter\u00f3 la invitaci\u00f3n oficial realizada en varias oportunidades por el Jefe de Estado, Nicol\u00e1s Maduro, para recibirla en Caracas.<\/p>\n<p align=\"justify\">El grupo de la ONU est\u00e1 integrado por cinco personas, que van a recorrer las ciudades de Caracas, Valencia, Barquisimeto y, eventualmente, Puerto Ordaz; con una permanencia de diez d\u00edas. Posteriormente, elaborar\u00e1n un informe respecto a las condiciones existentes para el arribo de la Alta Comisionada. Entre los objetivos de la visita est\u00e1n verificar si es real o no el estado de crisis humanitaria que denuncian sectores de oposici\u00f3n. Adem\u00e1s de abordar temas referidos a salud, alimentaci\u00f3n, libertad de expresi\u00f3n, conflictividad social, vulneraci\u00f3n de derechos laborales y violaci\u00f3n a los DD.HH. Para ello se reunir\u00e1n con organizaciones civiles y representantes del Gobierno.<\/p>\n<p align=\"justify\"><b>ONU: Las sanciones agravan la situaci\u00f3n<\/b><\/p>\n<p align=\"justify\">Bachelet intervino este mi\u00e9rcoles en la 40.\u00aa sesi\u00f3n del Consejo de Derechos Humanos de la ONU para presentar su informe anual sobre el estado de los derechos humanos en el mundo y asegur\u00f3 que la situaci\u00f3n venezolana \u201ces agravada por las sanciones\u201d, refiri\u00e9ndose al bloqueo y las medidas econ\u00f3micas impuestas desde 2015 por el gobierno de Estados Unidos (EE.UU.) y sus pa\u00edses aliados en su af\u00e1n por desestabilizar a la naci\u00f3n suramericana.<\/p>\n<p align=\"justify\">Esta demanda ha sido denunciada en reiteradas oportunidades por el Gobierno Bolivariano tanto en Venezuela como en escenarios internacionales, exhortando a los pa\u00edses del mundo a rechazar las agresiones de EE.UU. que da\u00f1an directamente a la poblaci\u00f3n venezolana al no permitirle al Estado acceso a cr\u00e9ditos en el sistema financiero internacional, bloquear y desviar el dinero del pa\u00eds en entidades financieras estadounidenses y la posibilidad de importar productos b\u00e1sicos y medicinas, entre otras medidas.<\/p>\n<p align=\"justify\">El Consejo de los Derechos Humanos de la ONU volver\u00e1 a tratar m\u00e1s profundamente la situaci\u00f3n en Venezuela el 20 de marzo.<\/p>\n","protected":false},"excerpt":{"rendered":"<p>El pr\u00f3ximo 10 de marzo llegar\u00e1 a Venezuela una misi\u00f3n t\u00e9cnica con el fin de evaluar si existen las condiciones para una eventual visita personal de la Alta Comisionada para los Derechos Humanos de la Organizaci\u00f3n de las Naciones Unidas, Michelle Bachelet. Los delegados verificar\u00e1n si hay garant\u00edas de acceso a todos los lugares y\u2026 <span class=\"read-more\"><a href=\"https:\/\/consuladobarcelona.gob.ve\/webalterna\/bachelet-mision-onu-llegara-a-venezuela-el-10-de-marzo\/\">Leer m\u00e1s &raquo;<\/a><\/span><\/p>\n","protected":false},"author":3,"featured_media":566,"comment_status":"closed","ping_status":"closed","sticky":false,"template":"","format":"standard","meta":{"footnotes":""},"categories":[5],"tags":[],"class_list":["post-565","post","type-post","status-publish","format-standard","has-post-thumbnail","hentry","category-noticias"],"_links":{"self":[{"href":"https:\/\/consuladobarcelona.gob.ve\/webalterna\/wp-json\/wp\/v2\/posts\/565","targetHints":{"allow":["GET"]}}],"collection":[{"href":"https:\/\/consuladobarcelona.gob.ve\/webalterna\/wp-json\/wp\/v2\/posts"}],"about":[{"href":"https:\/\/consuladobarcelona.gob.ve\/webalterna\/wp-json\/wp\/v2\/types\/post"}],"author":[{"embeddable":true,"href":"https:\/\/consuladobarcelona.gob.ve\/webalterna\/wp-json\/wp\/v2\/users\/3"}],"replies":[{"embeddable":true,"href":"https:\/\/consuladobarcelona.gob.ve\/webalterna\/wp-json\/wp\/v2\/comments?post=565"}],"version-history":[{"count":1,"href":"https:\/\/consuladobarcelona.gob.ve\/webalterna\/wp-json\/wp\/v2\/posts\/565\/revisions"}],"predecessor-version":[{"id":567,"href":"https:\/\/consuladobarcelona.gob.ve\/webalterna\/wp-json\/wp\/v2\/posts\/565\/revisions\/567"}],"wp:featuredmedia":[{"embeddable":true,"href":"https:\/\/consuladobarcelona.gob.ve\/webalterna\/wp-json\/wp\/v2\/media\/566"}],"wp:attachment":[{"href":"https:\/\/consuladobarcelona.gob.ve\/webalterna\/wp-json\/wp\/v2\/media?parent=565"}],"wp:term":[{"taxonomy":"category","embeddable":true,"href":"https:\/\/consuladobarcelona.gob.ve\/webalterna\/wp-json\/wp\/v2\/categories?post=565"},{"taxonomy":"post_tag","embeddable":true,"href":"https:\/\/consuladobarcelona.gob.ve\/webalterna\/wp-json\/wp\/v2\/tags?post=565"}],"curies":[{"name":"wp","href":"https:\/\/api.w.org\/{rel}","templated":true}]}}