{"id":562,"date":"2019-03-06T10:22:50","date_gmt":"2019-03-06T09:22:50","guid":{"rendered":"http:\/\/consuladobarcelona.gob.ve\/webalterna\/?p=562"},"modified":"2019-03-06T10:22:50","modified_gmt":"2019-03-06T09:22:50","slug":"venezuela-rechaza-renovacion-del-decreto-obama","status":"publish","type":"post","link":"https:\/\/consuladobarcelona.gob.ve\/webalterna\/venezuela-rechaza-renovacion-del-decreto-obama\/","title":{"rendered":"Venezuela rechaza renovaci\u00f3n del Decreto Obama"},"content":{"rendered":"<p>La Rep\u00fablica Bolivariana de Venezuela expres\u00f3 su en\u00e9rgico repudio a la decisi\u00f3n del gobierno de Donald Trump de extender por un a\u00f1o la orden ejecutiva aprobada, en 2015, por el expresidente Barack Obama, que califica a Venezuela de amenaza \u201cinusual y extraordinaria\u201d contra la seguridad estadounidense.\u00a0<span id=\"more-60824\"><\/span>La informaci\u00f3n, emitida a trav\u00e9s de un comunicado, fue publicada por el ministro del Poder Popular para Relaciones Exteriores, Jorge Arreaza, en su cuenta de la red social Twitter.<\/p>\n<p>En Twitter, Arreaza asever\u00f3 que el pueblo venezolano es amigo del pueblo estadounidense. \u201cEl Decreto que hoy renuevan es s\u00f3lo un pretexto para justificar una agresi\u00f3n sin precedentes, que incluye la amenaza del uso de la fuerza, con el fin de forzar un cambio de r\u00e9gimen para controlar las riquezas del pa\u00eds\u201d, afirm\u00f3. \u00abDonald Trump y su s\u00e9quito han logrado que despierte y se active con fuerza un poderoso movimiento contra la guerra y en solidaridad con Venezuela en el seno del propio pueblo de los Estados Unidos\u201d agreg\u00f3.<\/p>\n<p><strong>A continuaci\u00f3n el texto completo del documento:<\/strong><\/p>\n<p>La Rep\u00fablica Bolivariana de Venezuela expresa su en\u00e9rgico repudio a la c\u00ednica decisi\u00f3n del gobierno de Donald Trump de extender por un a\u00f1o m\u00e1s la infame orden ejecutiva aprobada inicialmente en 2015 por el ex presidente Barack Obama, que califica a Venezuela de amenaza \u201cinusual y extraordinaria\u201d contra la seguridad estadounidense.\u00a0<span id=\"more-60824\"><\/span><\/p>\n<p>Para la inmensa mayor\u00eda de los pa\u00edses del mundo resulta inconcebible que la primera potencia militar del planeta, que no desaprovecha la menor oportunidad para violar el derecho internacional y que sistem\u00e1ticamente hace uso de la fuerza en beneficio de sus propios intereses, pretenda calificar a Venezuela de \u201camenaza\u201d.<\/p>\n<p>Por el contrario, resulta parad\u00f3jico que despu\u00e9s de amenazar reiteradamente al Pueblo venezolano con una intervenci\u00f3n militar, afirmando continuamente que \u201d todas las opciones est\u00e1n sobre la mesa\u201d, el gobierno estadounidense pretenda hacer creer que se siente amenazado por Venezuela.<\/p>\n<p>El Gobierno Bolivariano de Venezuela denuncia la peligrosa hipocres\u00eda del gobierno supremacista de Donald Trump y pide a la comunidad internacional rechazar este nuevo intento de encubrir las acciones ilegales de Estados Unidos para propiciar el derrocamiento del gobierno leg\u00edtimo y constitucional de Venezuela, con el \u00fanico fin de tomar el control de las riquezas naturales del pa\u00eds.<\/p>\n<p>Han sido precisamente las amenazas de la Administraci\u00f3n Trump las que han despertado y activado un poderoso movimiento contra la guerra y en solidaridad con Venezuela en el seno del propio pueblo de los Estados Unidos. Por ello, el Pueblo venezolano\u00a0reitera el deseo de seguir cultivando las relaciones de hermandad y solidaridad que hist\u00f3ricamente ha mantenido con el digno Pueblo estadounidense, tradicionalmente amante de la paz, que no acompa\u00f1ar\u00e1 jam\u00e1s los delirios de una \u00e9lite gobernante infame, asediada por la torpeza y el esc\u00e1ndalo pol\u00edtico permanente. Ambos pueblos, en conjunto, lograr\u00e1n detener la nueva arremetida imperialista de Washington contra el pueblo libre de la Rep\u00fablica Bolivariana de Venezuela.<\/p>\n<p style=\"text-align: right;\">Caracas, 5 de marzo de 2019<\/p>\n","protected":false},"excerpt":{"rendered":"<p>La Rep\u00fablica Bolivariana de Venezuela expres\u00f3 su en\u00e9rgico repudio a la decisi\u00f3n del gobierno de Donald Trump de extender por un a\u00f1o la orden ejecutiva aprobada, en 2015, por el expresidente Barack Obama, que califica a Venezuela de amenaza \u201cinusual y extraordinaria\u201d contra la seguridad estadounidense.\u00a0La informaci\u00f3n, emitida a trav\u00e9s de un comunicado, fue publicada\u2026 <span class=\"read-more\"><a href=\"https:\/\/consuladobarcelona.gob.ve\/webalterna\/venezuela-rechaza-renovacion-del-decreto-obama\/\">Leer m\u00e1s &raquo;<\/a><\/span><\/p>\n","protected":false},"author":3,"featured_media":563,"comment_status":"closed","ping_status":"closed","sticky":false,"template":"","format":"standard","meta":{"footnotes":""},"categories":[5],"tags":[],"class_list":["post-562","post","type-post","status-publish","format-standard","has-post-thumbnail","hentry","category-noticias"],"_links":{"self":[{"href":"https:\/\/consuladobarcelona.gob.ve\/webalterna\/wp-json\/wp\/v2\/posts\/562","targetHints":{"allow":["GET"]}}],"collection":[{"href":"https:\/\/consuladobarcelona.gob.ve\/webalterna\/wp-json\/wp\/v2\/posts"}],"about":[{"href":"https:\/\/consuladobarcelona.gob.ve\/webalterna\/wp-json\/wp\/v2\/types\/post"}],"author":[{"embeddable":true,"href":"https:\/\/consuladobarcelona.gob.ve\/webalterna\/wp-json\/wp\/v2\/users\/3"}],"replies":[{"embeddable":true,"href":"https:\/\/consuladobarcelona.gob.ve\/webalterna\/wp-json\/wp\/v2\/comments?post=562"}],"version-history":[{"count":1,"href":"https:\/\/consuladobarcelona.gob.ve\/webalterna\/wp-json\/wp\/v2\/posts\/562\/revisions"}],"predecessor-version":[{"id":564,"href":"https:\/\/consuladobarcelona.gob.ve\/webalterna\/wp-json\/wp\/v2\/posts\/562\/revisions\/564"}],"wp:featuredmedia":[{"embeddable":true,"href":"https:\/\/consuladobarcelona.gob.ve\/webalterna\/wp-json\/wp\/v2\/media\/563"}],"wp:attachment":[{"href":"https:\/\/consuladobarcelona.gob.ve\/webalterna\/wp-json\/wp\/v2\/media?parent=562"}],"wp:term":[{"taxonomy":"category","embeddable":true,"href":"https:\/\/consuladobarcelona.gob.ve\/webalterna\/wp-json\/wp\/v2\/categories?post=562"},{"taxonomy":"post_tag","embeddable":true,"href":"https:\/\/consuladobarcelona.gob.ve\/webalterna\/wp-json\/wp\/v2\/tags?post=562"}],"curies":[{"name":"wp","href":"https:\/\/api.w.org\/{rel}","templated":true}]}}