{"id":559,"date":"2019-03-06T10:06:56","date_gmt":"2019-03-06T09:06:56","guid":{"rendered":"http:\/\/consuladobarcelona.gob.ve\/webalterna\/?p=559"},"modified":"2019-03-06T10:40:14","modified_gmt":"2019-03-06T09:40:14","slug":"consul-ricardo-capella-conversa-en-cataluna-y-aragon-la-verdad-sobre-las-agresiones-a-venezuela","status":"publish","type":"post","link":"https:\/\/consuladobarcelona.gob.ve\/webalterna\/consul-ricardo-capella-conversa-en-cataluna-y-aragon-la-verdad-sobre-las-agresiones-a-venezuela\/","title":{"rendered":"Cons\u00fal Ricardo Capella conversa en Catalu\u00f1a y Arag\u00f3n la verdad sobre las agresiones a Venezuela"},"content":{"rendered":"<p style=\"text-align: left;\">Culmin\u00f3 con \u00e9xito la gira del C\u00f3nsul General de la Rep\u00fablica Bolivariana de Venezuela en Barcelona, Ricardo Capella, por las provincias de Lleida (Catalu\u00f1a) y Huesca (Arag\u00f3n), donde particip\u00f3 en varias actividades promovidas por la Plataforma Catalana de Solidaridad con Venezuela, entre el pasado 28 de febrero y el 1 de marzo, con el fin de\u00a0 explicar la verdad sobre lo que est\u00e1 pasando en Venezuela.\u00a0<span id=\"more-60807\"><\/span><\/p>\n<p style=\"text-align: left;\">El diplom\u00e1tico intervino en dos conferencias sobre la actualidad venezolana, ambas con el t\u00edtulo \u201cDiez claves para comprender la crisis en Venezuela\u201d, acompa\u00f1ado del Economista Josep Manel Busqueta, autor\u00a0 y editor de obras sobre Soberan\u00eda y el neoliberalismo, entre otros. Busqueta es un gran conocedor de la realidad venezolana, puesto que form\u00f3 parte de un equipo de asesores del Presidente Hugo Ch\u00e1vez. Los asistentes a dichas conferencias pudieron apreciar los componentes pol\u00edticos y econ\u00f3micos que explican la crisis en Venezuela y, en particular, el rol de los Estados Unidos y sus pa\u00edses aliados en dicha crisis.<\/p>\n<p style=\"text-align: left;\">El C\u00f3nsul Capella particip\u00f3, adem\u00e1s, en un acto anti-imperialista frente al Ayuntamiento de la ciudad de Lleida en apoyo a la Revoluci\u00f3n Bolivariana; ofreci\u00f3 entrevistas a varios medios de comunicaci\u00f3n locales y recogi\u00f3 firmas por la Paz de Venezuela, en el marco de la campa\u00f1a mundial #HandsOffVenezuela. Adicionalmente. Por \u00faltimo, asisti\u00f3 a una \u201cJornada de reflexi\u00f3n sobre la agricultura de transici\u00f3n\u201d en Bin\u00e9far (Arag\u00f3n) cuyo objetivo era estudiar los cambios necesarios para que el modelo agr\u00edcola asegure sostenibilidad econ\u00f3mica, ambiental y social, tema de gran relevancia para la soberan\u00eda alimentaria de Venezuela.<\/p>\n<p style=\"text-align: left;\">El acto anti-imperialista en Lleida y la conferencia en Monz\u00f3n (Arag\u00f3n) fueron interrumpidos por peque\u00f1os grupos de opositores venezolanos, quienes intentaron sabotear los actos, pero fueron conminados a abandonar los espacios por el p\u00fablico asistente.<\/p>\n<p style=\"text-align: left;\">Para el mes de marzo, la Plataforma Catalana de Solidaridad con Venezuela ya tiene en calendario una decena de actividades entre charlas, debates y actos pol\u00edticos, en Barcelona pero tambi\u00e9n en ciudades como Tarragona y Zaragoza.<\/p>\n","protected":false},"excerpt":{"rendered":"<p>Culmin\u00f3 con \u00e9xito la gira del C\u00f3nsul General de la Rep\u00fablica Bolivariana de Venezuela en Barcelona, Ricardo Capella, por las provincias de Lleida (Catalu\u00f1a) y Huesca (Arag\u00f3n), donde particip\u00f3 en varias actividades promovidas por la Plataforma Catalana de Solidaridad con Venezuela, entre el pasado 28 de febrero y el 1 de marzo, con el fin\u2026 <span class=\"read-more\"><a href=\"https:\/\/consuladobarcelona.gob.ve\/webalterna\/consul-ricardo-capella-conversa-en-cataluna-y-aragon-la-verdad-sobre-las-agresiones-a-venezuela\/\">Leer m\u00e1s &raquo;<\/a><\/span><\/p>\n","protected":false},"author":3,"featured_media":560,"comment_status":"closed","ping_status":"closed","sticky":false,"template":"","format":"standard","meta":{"footnotes":""},"categories":[5],"tags":[],"class_list":["post-559","post","type-post","status-publish","format-standard","has-post-thumbnail","hentry","category-noticias"],"_links":{"self":[{"href":"https:\/\/consuladobarcelona.gob.ve\/webalterna\/wp-json\/wp\/v2\/posts\/559","targetHints":{"allow":["GET"]}}],"collection":[{"href":"https:\/\/consuladobarcelona.gob.ve\/webalterna\/wp-json\/wp\/v2\/posts"}],"about":[{"href":"https:\/\/consuladobarcelona.gob.ve\/webalterna\/wp-json\/wp\/v2\/types\/post"}],"author":[{"embeddable":true,"href":"https:\/\/consuladobarcelona.gob.ve\/webalterna\/wp-json\/wp\/v2\/users\/3"}],"replies":[{"embeddable":true,"href":"https:\/\/consuladobarcelona.gob.ve\/webalterna\/wp-json\/wp\/v2\/comments?post=559"}],"version-history":[{"count":1,"href":"https:\/\/consuladobarcelona.gob.ve\/webalterna\/wp-json\/wp\/v2\/posts\/559\/revisions"}],"predecessor-version":[{"id":561,"href":"https:\/\/consuladobarcelona.gob.ve\/webalterna\/wp-json\/wp\/v2\/posts\/559\/revisions\/561"}],"wp:featuredmedia":[{"embeddable":true,"href":"https:\/\/consuladobarcelona.gob.ve\/webalterna\/wp-json\/wp\/v2\/media\/560"}],"wp:attachment":[{"href":"https:\/\/consuladobarcelona.gob.ve\/webalterna\/wp-json\/wp\/v2\/media?parent=559"}],"wp:term":[{"taxonomy":"category","embeddable":true,"href":"https:\/\/consuladobarcelona.gob.ve\/webalterna\/wp-json\/wp\/v2\/categories?post=559"},{"taxonomy":"post_tag","embeddable":true,"href":"https:\/\/consuladobarcelona.gob.ve\/webalterna\/wp-json\/wp\/v2\/tags?post=559"}],"curies":[{"name":"wp","href":"https:\/\/api.w.org\/{rel}","templated":true}]}}