{"id":5335,"date":"2021-05-12T09:44:22","date_gmt":"2021-05-12T08:44:22","guid":{"rendered":"https:\/\/consuladobarcelona.gob.ve\/webalterna\/?p=5335"},"modified":"2021-05-12T09:44:44","modified_gmt":"2021-05-12T08:44:44","slug":"an-aprueba-por-unanimidad-proyecto-de-acuerdo-de-solidaridad-con-el-pueblo-colombiano-por-las-agresiones-del-gobierno-de-duque","status":"publish","type":"post","link":"https:\/\/consuladobarcelona.gob.ve\/webalterna\/an-aprueba-por-unanimidad-proyecto-de-acuerdo-de-solidaridad-con-el-pueblo-colombiano-por-las-agresiones-del-gobierno-de-duque\/","title":{"rendered":"AN aprueba por unanimidad Proyecto de Acuerdo de Solidaridad con el pueblo colombiano"},"content":{"rendered":"<div class=\"nH V8djrc byY\">\n<div class=\"nH\">\n<div class=\"ha\">\n<div class=\"ahR\">\n<div tabindex=\"0\" role=\"button\" data-tooltip=\"Eliminar etiqueta Recibidos de esta conversaci\u00f3n\" aria-label=\"Quitar etiqueta\">\n<p>La Asamblea Nacional de Venezuela aprob\u00f3 este martes por unanimidad el <strong>Proyecto de Acuerdo de Solidaridad con el pueblo colombiano por las agresiones del Gobierno de Iv\u00e1n Duque<\/strong>, durante las actuales movilizaciones.<\/p>\n<p>En la sesi\u00f3n ordinaria que se desarroll\u00f3 en el Palacio Federal Legislativo, presidida por vicepresidenta de la Asamblea Nacional, Iris Varela, los parlamentarios de ambas bancadas rechazaron los actos de violencia propiciados por las fuerza de seguridad de Colombia. Varela recalc\u00f3 que desde <strong>el Gobierno de Duque se ha pretendido exportar la violencia y causar da\u00f1o al pueblo venezolano<\/strong>. \u201cHan desplazado a los campesinos colombianos que se dedican a cultivar la tierra, y de manera muy humilde producir con el sudor de su frente el sustento para su familia y sus comunidades\u201d. Denunci\u00f3 a los agentes de la polic\u00eda colombiana y del Escuadr\u00f3n M\u00f3vil Antidisturbios (Esmad) por las destrucciones,\u00a0 con el objetivo de restarle fuerza a la manifestaci\u00f3n popular.<\/p>\n<p>Por su parte, el diputado Freddy Bernal, realiz\u00f3 una exposici\u00f3n de las traiciones, asesinatos y pobreza que vive el pueblo colombiano ante un Gobierno incapaz de proteger y garantizar una calidad de vida a sus ciudadanos. \u201cLa Cepal, en su \u00faltimo informe, se\u00f1al\u00f3 que<strong> Colombia tiene un 34.1% de pobreza<\/strong>. 21 millones de colombianos est\u00e1n en pobreza, pero tambi\u00e9n 4.3% de en la pobreza cr\u00edtica que representa 7 millones\u201d, especific\u00f3.<\/p>\n<p>Al mismo tiempo, Bernal manifest\u00f3 que el Gobierno de la naci\u00f3n neogranadina entreg\u00f3 su soberan\u00eda e instal\u00f3 siete <strong>bases militares de Estados Unidos<\/strong>. \u201cColombia hizo un acuerdo con la OTAN y pone sus leyes por debajo del mandato norteamericano\u201d. Record\u00f3 que la Oficina Federal de Antinarc\u00f3ticos de EE. UU. destac\u00f3 que despu\u00e9s del Plan <strong>Colombia aument\u00f3 de 170 mil a 211 mil las hect\u00e1reas del cultivo de hoja de coca<\/strong>. \u201cProduce \u00a0951 toneladas m\u00e9tricas de coca\u00edna, el <strong>76% del narc\u00f3tico en el planeta tierra<\/strong>, seg\u00fan informaci\u00f3n de la agencia federal de Estados Unidos\u201d.<\/p>\n<p>En su intervenci\u00f3n, Bernal se\u00f1al\u00f3 las <strong>seis d\u00e9cadas de violencia desde el asesinato del l\u00edder Eli\u00e9cer Gait\u00e1n<\/strong>. \u201cDesde el a\u00f1o 85 hasta en la actualidad hay <strong>un total de 9 millones de v\u00edctimas entre muertos, desaparecidos y desplazados<\/strong>\u201d.<\/p>\n<p>Enfatiz\u00f3 que <strong>en el 2021 hubo 3 mil familias\u00a0 desplazadas<\/strong> en los Departamentos \u00a0Antioquia, Choc\u00f3, Valle del Cauca y Norte de Santander, entre las cuales se cometieron <strong>31 masacres con un total de 116 l\u00edderes asesinados<\/strong>. \u201cEn Colombia, despu\u00e9s del acuerdo de paz en La Habana, han sido <strong>asesinados 250 combatientes<\/strong>\u201d.<\/p>\n<p>Ante lo expuesto, el Diputado afirm\u00f3 que <strong>la naci\u00f3n neogranadina es un Estado fracasado<\/strong> y que rompi\u00f3 el orden pol\u00edtico social y se pregunt\u00f3 \u201cqu\u00e9 dice Luis Almagro de la OEA y Michelle Bachelet, de la Alta Comisionada para los Derechos Humanos de las Naciones Unidas y la comunidad internacional\u201d.<\/p>\n<\/div>\n<\/div>\n<\/div>\n<\/div>\n<\/div>\n","protected":false},"excerpt":{"rendered":"<p>La Asamblea Nacional de Venezuela aprob\u00f3 este martes por unanimidad el Proyecto de Acuerdo de Solidaridad con el pueblo colombiano por las agresiones del Gobierno de Iv\u00e1n Duque, durante las actuales movilizaciones. En la sesi\u00f3n ordinaria que se desarroll\u00f3 en el Palacio Federal Legislativo, presidida por vicepresidenta de la Asamblea Nacional, Iris Varela, los parlamentarios\u2026 <span class=\"read-more\"><a href=\"https:\/\/consuladobarcelona.gob.ve\/webalterna\/an-aprueba-por-unanimidad-proyecto-de-acuerdo-de-solidaridad-con-el-pueblo-colombiano-por-las-agresiones-del-gobierno-de-duque\/\">Leer m\u00e1s &raquo;<\/a><\/span><\/p>\n","protected":false},"author":3,"featured_media":5336,"comment_status":"closed","ping_status":"closed","sticky":false,"template":"","format":"standard","meta":{"footnotes":""},"categories":[5],"tags":[],"class_list":["post-5335","post","type-post","status-publish","format-standard","has-post-thumbnail","hentry","category-noticias"],"_links":{"self":[{"href":"https:\/\/consuladobarcelona.gob.ve\/webalterna\/wp-json\/wp\/v2\/posts\/5335","targetHints":{"allow":["GET"]}}],"collection":[{"href":"https:\/\/consuladobarcelona.gob.ve\/webalterna\/wp-json\/wp\/v2\/posts"}],"about":[{"href":"https:\/\/consuladobarcelona.gob.ve\/webalterna\/wp-json\/wp\/v2\/types\/post"}],"author":[{"embeddable":true,"href":"https:\/\/consuladobarcelona.gob.ve\/webalterna\/wp-json\/wp\/v2\/users\/3"}],"replies":[{"embeddable":true,"href":"https:\/\/consuladobarcelona.gob.ve\/webalterna\/wp-json\/wp\/v2\/comments?post=5335"}],"version-history":[{"count":2,"href":"https:\/\/consuladobarcelona.gob.ve\/webalterna\/wp-json\/wp\/v2\/posts\/5335\/revisions"}],"predecessor-version":[{"id":5338,"href":"https:\/\/consuladobarcelona.gob.ve\/webalterna\/wp-json\/wp\/v2\/posts\/5335\/revisions\/5338"}],"wp:featuredmedia":[{"embeddable":true,"href":"https:\/\/consuladobarcelona.gob.ve\/webalterna\/wp-json\/wp\/v2\/media\/5336"}],"wp:attachment":[{"href":"https:\/\/consuladobarcelona.gob.ve\/webalterna\/wp-json\/wp\/v2\/media?parent=5335"}],"wp:term":[{"taxonomy":"category","embeddable":true,"href":"https:\/\/consuladobarcelona.gob.ve\/webalterna\/wp-json\/wp\/v2\/categories?post=5335"},{"taxonomy":"post_tag","embeddable":true,"href":"https:\/\/consuladobarcelona.gob.ve\/webalterna\/wp-json\/wp\/v2\/tags?post=5335"}],"curies":[{"name":"wp","href":"https:\/\/api.w.org\/{rel}","templated":true}]}}