{"id":522,"date":"2019-03-05T11:11:31","date_gmt":"2019-03-05T10:11:31","guid":{"rendered":"http:\/\/consuladobarcelona.gob.ve\/webalterna\/?p=522"},"modified":"2019-03-05T11:11:52","modified_gmt":"2019-03-05T10:11:52","slug":"positiva-la-gira-del-consul-general-por-lleida-y-huesca","status":"publish","type":"post","link":"https:\/\/consuladobarcelona.gob.ve\/webalterna\/positiva-la-gira-del-consul-general-por-lleida-y-huesca\/","title":{"rendered":"Positiva la gira del C\u00f3nsul General por Lleida y Huesca"},"content":{"rendered":"<p>BARCELONA &#8211; Culmin\u00f3 con \u00e9xito la gira del C\u00f3nsul General de Venezuela en Barcelona, Ricardo Capella, por las ciudades catalanas de Lleida y Huesca, donde particip\u00f3 a varias actividades promovidas por la Plataforma Catalana de Solidaridad con Venezuela, entre el pasado 28 de febrero y el 1 de marzo.<br \/>\nEl diplom\u00e1tico ofreci\u00f3 dos conferencias sobre la actualidad venezolana y tom\u00f3 parte a un acto anti-imperialista frente al Ayuntamiento de Lleida, ofreci\u00f3 entrevistas a varios medios de comunicaci\u00f3n locales y recogi\u00f3 nuevas firmas por la Paz de Venezuela, en el marco de la campa\u00f1a mundial #HandsOffVenezuela. Adem\u00e1s, asisti\u00f3 a una \u201cJornada de reflexi\u00f3n sobre la agricultura de transici\u00f3n\u201d cuyo objetivo era estudiar los cambios necesarios para que el modelo agron\u00f3mico asegure sostenibilidad econ\u00f3mica, ambiental y social.<br \/>\nEl acto anti-imperialista en Lleida y la conferencia en Huesca fueron interrumpidos por peque\u00f1os grupos de opositores venezolanos, quienes insultaron de manera directa y personal al C\u00f3nsul Capella y gritaron acusaciones contra el gobierno de Nicol\u00e1s Maduro: peque\u00f1os espect\u00e1culos que en seguida hicieron circular como videos por las redes sociales. Esas personas, que demostraron buscar no un dialogo o un debate, sino exclusivamente un choque y un show medi\u00e1tico, fueron alejadas por los participantes de las actividades, quienes impidieron el pretendido boicot.<br \/>\nPara el mes de marzo, la Plataforma Catalana de Solidaridad con Venezuela ya tiene en calendario una decena de actividades entre charlas, debates y actos pol\u00edticos, en Barcelona pero tambi\u00e9n en ciudades como Tarragona y Saragoza. La cita m\u00e1s importante es el pr\u00f3ximo 6 o 7 de marzo, cuando el Parlamento de Catalu\u00f1a debatir\u00e1 una \u201cPropuesta de Resoluci\u00f3n sobre la situaci\u00f3n de Venezuela\u201d, cuyos ejes son el respeto de la soberan\u00eda nacional, el dialogo y la no injerencia.<br \/>\nLa Plataforma Catalana de Solidaridad con Venezuela cuenta con m\u00e1s de treinta entidades comprometidas en defender la Paz y la Soberan\u00eda de la naci\u00f3n bolivariana. Se ocupa de difundir informaci\u00f3n veraz sobre la realidad venezolana a trav\u00e9s de entrevistas con medios de comunicaci\u00f3n, debates y conferencias, que tienen como protagonistas el C\u00f3nsul General de Venezuela en Barcelona, Ricardo Capella, los C\u00f3nsules Antonio Mart\u00ednez y Carlos Figuera, historiadores como V\u00edctor R\u00edos e intelectuales como Aranxa Tirado. Adem\u00e1s, promueve la recolecci\u00f3n de firmas por la Paz de Venezuela, en el marco de la campa\u00f1a mundial #HandsOffVenezuela. Unos 7 representantes de la Plataforma reci\u00e9n regresaron de Caracas, donde participaron a la Asamblea Internacional de los Pueblos. <\/p>\n","protected":false},"excerpt":{"rendered":"<p>BARCELONA &#8211; Culmin\u00f3 con \u00e9xito la gira del C\u00f3nsul General de Venezuela en Barcelona, Ricardo Capella, por las ciudades catalanas de Lleida y Huesca, donde particip\u00f3 a varias actividades promovidas por la Plataforma Catalana de Solidaridad con Venezuela, entre el pasado 28 de febrero y el 1 de marzo. El diplom\u00e1tico ofreci\u00f3 dos conferencias sobre\u2026 <span class=\"read-more\"><a href=\"https:\/\/consuladobarcelona.gob.ve\/webalterna\/positiva-la-gira-del-consul-general-por-lleida-y-huesca\/\">Leer m\u00e1s &raquo;<\/a><\/span><\/p>\n","protected":false},"author":3,"featured_media":524,"comment_status":"closed","ping_status":"closed","sticky":false,"template":"","format":"standard","meta":{"footnotes":""},"categories":[5],"tags":[],"class_list":["post-522","post","type-post","status-publish","format-standard","has-post-thumbnail","hentry","category-noticias"],"_links":{"self":[{"href":"https:\/\/consuladobarcelona.gob.ve\/webalterna\/wp-json\/wp\/v2\/posts\/522","targetHints":{"allow":["GET"]}}],"collection":[{"href":"https:\/\/consuladobarcelona.gob.ve\/webalterna\/wp-json\/wp\/v2\/posts"}],"about":[{"href":"https:\/\/consuladobarcelona.gob.ve\/webalterna\/wp-json\/wp\/v2\/types\/post"}],"author":[{"embeddable":true,"href":"https:\/\/consuladobarcelona.gob.ve\/webalterna\/wp-json\/wp\/v2\/users\/3"}],"replies":[{"embeddable":true,"href":"https:\/\/consuladobarcelona.gob.ve\/webalterna\/wp-json\/wp\/v2\/comments?post=522"}],"version-history":[{"count":2,"href":"https:\/\/consuladobarcelona.gob.ve\/webalterna\/wp-json\/wp\/v2\/posts\/522\/revisions"}],"predecessor-version":[{"id":525,"href":"https:\/\/consuladobarcelona.gob.ve\/webalterna\/wp-json\/wp\/v2\/posts\/522\/revisions\/525"}],"wp:featuredmedia":[{"embeddable":true,"href":"https:\/\/consuladobarcelona.gob.ve\/webalterna\/wp-json\/wp\/v2\/media\/524"}],"wp:attachment":[{"href":"https:\/\/consuladobarcelona.gob.ve\/webalterna\/wp-json\/wp\/v2\/media?parent=522"}],"wp:term":[{"taxonomy":"category","embeddable":true,"href":"https:\/\/consuladobarcelona.gob.ve\/webalterna\/wp-json\/wp\/v2\/categories?post=522"},{"taxonomy":"post_tag","embeddable":true,"href":"https:\/\/consuladobarcelona.gob.ve\/webalterna\/wp-json\/wp\/v2\/tags?post=522"}],"curies":[{"name":"wp","href":"https:\/\/api.w.org\/{rel}","templated":true}]}}