{"id":519,"date":"2019-03-05T11:09:54","date_gmt":"2019-03-05T10:09:54","guid":{"rendered":"http:\/\/consuladobarcelona.gob.ve\/webalterna\/?p=519"},"modified":"2019-03-05T11:09:54","modified_gmt":"2019-03-05T10:09:54","slug":"avanza-la-labor-de-la-plataforma-catalana-de-solidaridad-con-venezuela","status":"publish","type":"post","link":"https:\/\/consuladobarcelona.gob.ve\/webalterna\/avanza-la-labor-de-la-plataforma-catalana-de-solidaridad-con-venezuela\/","title":{"rendered":"Avanza la labor de la Plataforma Catalana de Solidaridad con Venezuela"},"content":{"rendered":"<p>La Plataforma Catalana de Solidaridad con Venezuela sigue muy activa tanto en Barcelona como en las dem\u00e1s ciudades del territorio catal\u00e1n: el pasado 28 de febrero organiz\u00f3 actividades en la ciudad de Lleida, el 1 de marzo estuvo presente en Huesca y el 3 en la localidad de Sant Boi, mientras que para este mes ya tiene en calendario una decena de actividades de solidaridad entre charlas, debates y actos pol\u00edticos. La cita m\u00e1s importante es el pr\u00f3ximo 6 o 7 de marzo, cuando el Parlamento de Catalu\u00f1a debatir\u00e1 una \u201cPropuesta de Resoluci\u00f3n sobre la situaci\u00f3n de Venezuela\u201d, cuyos ejes son el respeto de la soberan\u00eda nacional, el dialogo y la no injerencia.<br \/>\nLa \u201cPlataforma Catalana de Solidaridad con Venezuela\u201d cuenta con m\u00e1s de treinta entidades comprometidas en defender la Paz y la Soberan\u00eda de la naci\u00f3n bolivariana. Se ocupa de difundir informaci\u00f3n veraz sobre la realidad venezolana a trav\u00e9s de entrevistas con medios de comunicaci\u00f3n locales, debates y conferencias, que tienen como protagonistas al C\u00f3nsul General de Venezuela en Barcelona, Ricardo Capella, los C\u00f3nsules Antonio Mart\u00ednez y Carlos Figuera, historiadores como V\u00edctor R\u00edos e intelectuales como Aranxa Tirado. Adem\u00e1s, promueve la recolecci\u00f3n de firmas por la Paz de Venezuela, en el marco de la campa\u00f1a mundial #HandsOffVenezuela.<br \/>\nUnos 7 representantes de la Plataforma reci\u00e9n regresaron de Caracas, donde participaron a la Asamblea Internacional de los Pueblos.<\/p>\n","protected":false},"excerpt":{"rendered":"<p>La Plataforma Catalana de Solidaridad con Venezuela sigue muy activa tanto en Barcelona como en las dem\u00e1s ciudades del territorio catal\u00e1n: el pasado 28 de febrero organiz\u00f3 actividades en la ciudad de Lleida, el 1 de marzo estuvo presente en Huesca y el 3 en la localidad de Sant Boi, mientras que para este mes\u2026 <span class=\"read-more\"><a href=\"https:\/\/consuladobarcelona.gob.ve\/webalterna\/avanza-la-labor-de-la-plataforma-catalana-de-solidaridad-con-venezuela\/\">Leer m\u00e1s &raquo;<\/a><\/span><\/p>\n","protected":false},"author":3,"featured_media":520,"comment_status":"closed","ping_status":"closed","sticky":false,"template":"","format":"standard","meta":{"footnotes":""},"categories":[5],"tags":[],"class_list":["post-519","post","type-post","status-publish","format-standard","has-post-thumbnail","hentry","category-noticias"],"_links":{"self":[{"href":"https:\/\/consuladobarcelona.gob.ve\/webalterna\/wp-json\/wp\/v2\/posts\/519","targetHints":{"allow":["GET"]}}],"collection":[{"href":"https:\/\/consuladobarcelona.gob.ve\/webalterna\/wp-json\/wp\/v2\/posts"}],"about":[{"href":"https:\/\/consuladobarcelona.gob.ve\/webalterna\/wp-json\/wp\/v2\/types\/post"}],"author":[{"embeddable":true,"href":"https:\/\/consuladobarcelona.gob.ve\/webalterna\/wp-json\/wp\/v2\/users\/3"}],"replies":[{"embeddable":true,"href":"https:\/\/consuladobarcelona.gob.ve\/webalterna\/wp-json\/wp\/v2\/comments?post=519"}],"version-history":[{"count":1,"href":"https:\/\/consuladobarcelona.gob.ve\/webalterna\/wp-json\/wp\/v2\/posts\/519\/revisions"}],"predecessor-version":[{"id":521,"href":"https:\/\/consuladobarcelona.gob.ve\/webalterna\/wp-json\/wp\/v2\/posts\/519\/revisions\/521"}],"wp:featuredmedia":[{"embeddable":true,"href":"https:\/\/consuladobarcelona.gob.ve\/webalterna\/wp-json\/wp\/v2\/media\/520"}],"wp:attachment":[{"href":"https:\/\/consuladobarcelona.gob.ve\/webalterna\/wp-json\/wp\/v2\/media?parent=519"}],"wp:term":[{"taxonomy":"category","embeddable":true,"href":"https:\/\/consuladobarcelona.gob.ve\/webalterna\/wp-json\/wp\/v2\/categories?post=519"},{"taxonomy":"post_tag","embeddable":true,"href":"https:\/\/consuladobarcelona.gob.ve\/webalterna\/wp-json\/wp\/v2\/tags?post=519"}],"curies":[{"name":"wp","href":"https:\/\/api.w.org\/{rel}","templated":true}]}}