{"id":5091,"date":"2021-04-20T09:25:49","date_gmt":"2021-04-20T08:25:49","guid":{"rendered":"https:\/\/consuladobarcelona.gob.ve\/webalterna\/?p=5091"},"modified":"2021-04-20T09:25:49","modified_gmt":"2021-04-20T08:25:49","slug":"venezuela-firma-memorandum-de-entendimiento-con-el-programa-mundial-de-alimentos-de-la-onu","status":"publish","type":"post","link":"https:\/\/consuladobarcelona.gob.ve\/webalterna\/venezuela-firma-memorandum-de-entendimiento-con-el-programa-mundial-de-alimentos-de-la-onu\/","title":{"rendered":"Venezuela firma memor\u00e1ndum de entendimiento con el Programa Mundial de Alimentos de la ONU"},"content":{"rendered":"<p>Este lunes 19 de abril, la Rep\u00fablica Bolivariana de Venezuela a trav\u00e9s del presidente <strong>Nicol\u00e1s Maduro Moros<\/strong>, y el <strong>Programa Mundial de Alimentos de las Naciones Unidas<\/strong> (PMA), con su director ejecutivo <strong>David Beasley<\/strong>, firmaron el <strong>Memor\u00e1ndum de Entendimiento <\/strong>entre la Naci\u00f3n y el organismo mundial para la prestaci\u00f3n de asistencia t\u00e9cnica y log\u00edstica, cuyo primer acuerdo ser\u00e1 la atenci\u00f3n de ni\u00f1os y ni\u00f1as en educaci\u00f3n inicial, como paso previo a un conjunto de proyectos futuros en la seguridad alimentaria de los venezolanos y venezolanas.<\/p>\n<p>\u201cEste es el primer paso de un conjunto de proyectos ambiciosos que abarquen a todo el pueblo de Venezuela, con la amplia experiencia mundial, y capacidad t\u00e9cnica del Programa Mundial de Alimentos (PMA)\u201d, dijo el Jefe de Estado desde el Sal\u00f3n Sol del Per\u00fa, del Palacio de Miraflores, donde se rubric\u00f3 el documento oficial.<\/p>\n<p>\u201cGracias m\u00edster David Beasley, gracias a usted, gracias a ti, como Director Ejecutivo del PMA de la ONU, a todo el equipo\u2026A todos quiero agradecer el esfuerzo que se ha hecho por este paso que estamos dando, firmando este acuerdo <strong>para llevar adelante programas de apoyo alimentario, de asistencia alimentaria a los ni\u00f1os y ni\u00f1as de educaci\u00f3n inicial, como primer paso de lo que hemos hablando en privado casi una hora<\/strong>\u201d.<\/p>\n<p>El alto ejecutivo de la ONU, al tomar la palabra, agradeci\u00f3 al presidente Maduro su disposici\u00f3n de trabajo y la recepci\u00f3n a su delegaci\u00f3n, ratificando que el compromiso y trabajo arduo entre el organismo y el Gobierno Bolivariano dar\u00e1 respuesta efectiva al pueblo de Venezuela.<\/p>\n<p>\u201c<strong>Debemos trabajar juntos<\/strong> (\u2026) Estamos unidos como hermanos y haremos lo que podamos hacer para ayudar a los m\u00e1s necesitados\u201d, dijo Beasley, quien no dud\u00f3 en reconocer al Mandatario Nacional su trabajo por avanzar y responder a las necesidades de la poblaci\u00f3n.<\/p>\n<p>El presidente Maduro confirm\u00f3 que apenas hace dos semanas, se realiz\u00f3 la videconferencia entre las delegaciones y record\u00f3 que ya se estaba trabajando desde hace 3 a\u00f1os, con acercamientos, encuentros y desencuentros, \u201cy afortunadamente, como lo dijiste, David, el tiempo de Dios es perfecto y nos llev\u00f3 a hoy, 19 de abril 2021, un d\u00eda especial porque en Venezuela cumplimos 211 a\u00f1os del primer d\u00eda del grito de libertad e independencia\u201d.<\/p>\n<p>\u201cCreo que estamos dando un buen paso y creo que el pa\u00eds entero, David, <strong>toda Venezuela aplaude este paso que hemos dado al firmar este primer acuerdo entre la Rep\u00fablica Bolivariana y el PMA<\/strong>. S\u00f3lo me queda pedirle a los equipos m\u00e1xima audacia en la ejecuci\u00f3n de este Plan\u201d, expres\u00f3 sobre el acuerdo firmado.<\/p>\n<p>\u201cEl pueblo de Venezuela te da las gracias David, a ti y a tu equipo. Que Dios bendiga este hermoso acuerdo y le depare \u00e9xito y felicidad. Muchas gracias de verdad, gracias por haber venido\u201d. \u201cCuenta conmigo, David, para decirnos las verdades, comunicarnos permanentemente, y abrir las puertas a nuevas iniciativas y proyectos\u201d, concluy\u00f3.<\/p>\n","protected":false},"excerpt":{"rendered":"<p>Este lunes 19 de abril, la Rep\u00fablica Bolivariana de Venezuela a trav\u00e9s del presidente Nicol\u00e1s Maduro Moros, y el Programa Mundial de Alimentos de las Naciones Unidas (PMA), con su director ejecutivo David Beasley, firmaron el Memor\u00e1ndum de Entendimiento entre la Naci\u00f3n y el organismo mundial para la prestaci\u00f3n de asistencia t\u00e9cnica y log\u00edstica, cuyo\u2026 <span class=\"read-more\"><a href=\"https:\/\/consuladobarcelona.gob.ve\/webalterna\/venezuela-firma-memorandum-de-entendimiento-con-el-programa-mundial-de-alimentos-de-la-onu\/\">Leer m\u00e1s &raquo;<\/a><\/span><\/p>\n","protected":false},"author":3,"featured_media":5092,"comment_status":"closed","ping_status":"closed","sticky":false,"template":"","format":"standard","meta":{"footnotes":""},"categories":[5],"tags":[],"class_list":["post-5091","post","type-post","status-publish","format-standard","has-post-thumbnail","hentry","category-noticias"],"_links":{"self":[{"href":"https:\/\/consuladobarcelona.gob.ve\/webalterna\/wp-json\/wp\/v2\/posts\/5091","targetHints":{"allow":["GET"]}}],"collection":[{"href":"https:\/\/consuladobarcelona.gob.ve\/webalterna\/wp-json\/wp\/v2\/posts"}],"about":[{"href":"https:\/\/consuladobarcelona.gob.ve\/webalterna\/wp-json\/wp\/v2\/types\/post"}],"author":[{"embeddable":true,"href":"https:\/\/consuladobarcelona.gob.ve\/webalterna\/wp-json\/wp\/v2\/users\/3"}],"replies":[{"embeddable":true,"href":"https:\/\/consuladobarcelona.gob.ve\/webalterna\/wp-json\/wp\/v2\/comments?post=5091"}],"version-history":[{"count":1,"href":"https:\/\/consuladobarcelona.gob.ve\/webalterna\/wp-json\/wp\/v2\/posts\/5091\/revisions"}],"predecessor-version":[{"id":5093,"href":"https:\/\/consuladobarcelona.gob.ve\/webalterna\/wp-json\/wp\/v2\/posts\/5091\/revisions\/5093"}],"wp:featuredmedia":[{"embeddable":true,"href":"https:\/\/consuladobarcelona.gob.ve\/webalterna\/wp-json\/wp\/v2\/media\/5092"}],"wp:attachment":[{"href":"https:\/\/consuladobarcelona.gob.ve\/webalterna\/wp-json\/wp\/v2\/media?parent=5091"}],"wp:term":[{"taxonomy":"category","embeddable":true,"href":"https:\/\/consuladobarcelona.gob.ve\/webalterna\/wp-json\/wp\/v2\/categories?post=5091"},{"taxonomy":"post_tag","embeddable":true,"href":"https:\/\/consuladobarcelona.gob.ve\/webalterna\/wp-json\/wp\/v2\/tags?post=5091"}],"curies":[{"name":"wp","href":"https:\/\/api.w.org\/{rel}","templated":true}]}}