{"id":5049,"date":"2021-04-16T11:16:48","date_gmt":"2021-04-16T10:16:48","guid":{"rendered":"http:\/\/consuladobarcelona.gob.ve\/webalterna\/?p=5049"},"modified":"2021-04-16T11:17:52","modified_gmt":"2021-04-16T10:17:52","slug":"venezuela-insto-a-paises-de-la-cumbre-iberoamericana-a-pronunciarse-contra-el-bloqueo-ilegal","status":"publish","type":"post","link":"https:\/\/consuladobarcelona.gob.ve\/webalterna\/venezuela-insto-a-paises-de-la-cumbre-iberoamericana-a-pronunciarse-contra-el-bloqueo-ilegal\/","title":{"rendered":"Venezuela inst\u00f3 a pa\u00edses de la Cumbre Iberoamericana a pronunciarse contra el bloqueo"},"content":{"rendered":"<p>El canciller de la Rep\u00fablica Bolivariana de Venezuela, <strong>Jorge Arreaza, inst\u00f3 a los pa\u00edses iberoamericanos a pronunciarse \u201ccontra el bloqueo, las medidas coercitivas unilaterales y contra el sufrimiento impuesto por un nuevo tipo de guerra no convencional que afecta actualmente al menos a 3 pa\u00edses de la comunidad iberoamericana\u201d: Cuba, Nicaragua y Venezuela<\/strong>.<\/p>\n<p>\u201cOjal\u00e1 en la Cumbre Iberoamericana, se hubiese acordado un pronunciamiento contra estas medidas coercitivas ilegales, unilaterales\u201d, expres\u00f3 el ministro de Relaciones Exteriores venezolano, durante su participaci\u00f3n en la II reuni\u00f3n virtual de Cancilleres rumbo a la XXVII Cumbre Iberoamericana de Jefes de Estado y de Gobierno que se desarrollar\u00e1 -tambi\u00e9n de manera telem\u00e1tica- el 21 de abril en Andorra, Europa.<\/p>\n<p>El Principado de Andorra, un micro-Estado soberano del suroeste de Europa, ubicado entre Espa\u00f1a y Francia, en el l\u00edmite de la pen\u00ednsula ib\u00e9rica, tendr\u00e1 la responsabilidad por primera vez de acojer la Cumbre Iberoamericana, bajo el lema <strong>\u201cInnovaci\u00f3n para el desarrollo sostenible. Objetivo 2030. Iberoam\u00e9rica frente al reto del coronavirus\u201d<\/strong>.<\/p>\n<p>Justamente, Arreaza record\u00f3 que en el marco de la pandemia, <strong>las medidas coercitivas de EE.UU. y otras naciones de Europa han participado en el asedio contra Venezuela, secuestrando m\u00e1s de 6 mil millones de d\u00f3lares de sus recursos financieros en el exterior<\/strong>.<\/p>\n<p>\u201c<strong>Hay 1.600 millones en un banco portugu\u00e9s, de manera ilegal, arbitraria, bloqueados<\/strong>\u201d, denunci\u00f3 como ejemplo ante sus hom\u00f3logos iberoamericanos. Reiter\u00f3 que <strong>de haber sido entregados, Venezuela ya tuviera todas las vacunas necesarias para proteger a su poblaci\u00f3n de la pandemia<\/strong>.<\/p>\n<p>Insisti\u00f3 que los pa\u00edses iberoamericanos deben demostrar mayor solidaridad ante las agresiones e injusticia, mucho m\u00e1s en estos momentos de amenaza y muertes que provoca el coronavirus global.<\/p>\n<p>\u201cLa falta de acceso a las vacunas, a los insumos, la desigualdad, la guerra entre empresas por las vacunas; son las pruebas que necesitamos para definitivamente decidirnos a remover las estructuras del sistema que se nos ha impuesto\u201d, inst\u00f3 el Canciller venezolano.<\/p>\n<p>\u201cLa humanidad lucha por vivir y entreayudarse mientras el sistema, manejado por las grandes corporaciones, con sus ansias de ganancia demuestra lo incompatible que es con la humanidad, con la Madre Tierra. El Capitalismo lo ha venido demostrando de manera muy cruda\u201d, alert\u00f3 Arreaza.<\/p>\n<p>Inform\u00f3 que la Canciller\u00eda venezolana har\u00eda circular entre los pa\u00edses miembros el <strong>informe preliminar de la Relatora Especial del Consejo de Derechos Humanos (DDHH) de la ONU<\/strong>, que concluy\u00f3 c\u00f3mo estas medidas coercitivas criminales est\u00e1n atentando contra el disfrute de los derechos de los venezolanos, y cuya ejecuci\u00f3n es incompatible con el Derecho Internacional y abiertamente violatoria de los DDHH de los pueblos.<\/p>\n<p>\u201cEl comandante Ch\u00e1vez dec\u00eda en 2001, que mientras los Jefes de Estado y de Gobierno andan de Cumbre en Cumbre los pueblos andan de abismo en abismo\u201d, record\u00f3 Arreaza.<\/p>\n<p>\u201c<strong>Es indispensable cambiar el sistema<\/strong>\u201d, afirm\u00f3 el Canciller, recordando asimismo la petici\u00f3n realizada por el Comandante l\u00edder de la Revoluci\u00f3n Bolivariana en la primera d\u00e9cada de este siglo, que fue adoptada por los movimientos sociales del mundo.<\/p>\n<p>Agradeci\u00f3 al Gobierno de Andorra, que ejerce actualmente la Secretar\u00eda Prot\u00e9mpore de la Cumbre Iberoamericana de este a\u00f1o, por la invitaci\u00f3n realizada a Venezuela. Y lament\u00f3 que, curiosamente, la delegaci\u00f3n anfitriona que participaba en la reuni\u00f3n ministerial hubiera sido afectada por COVID-19.<\/p>\n<p>En este encuentro en Andorra en la Cumbre Iberoamericana, el presidente <strong>Nicol\u00e1s Maduro Moros<\/strong> estar\u00e1 presente de forma telem\u00e1tica, al igual que la mayor\u00eda de los Mandatarios convocados. Solo acudir\u00e1n de forma presencial el primer ministro de Portugal, Ant\u00f3nio Costa, as\u00ed como el mandatario de Guatemala, Alejandro Giammattei y el de Rep\u00fablica Dominicana, Luis Abinader, de acuerdo a medios espa\u00f1oles.<\/p>\n<div class=\"twitter-tweet twitter-tweet-rendered\"><\/div>\n<div class=\"fitvids-video\"><iframe loading=\"lazy\" title=\"Canciller Arreaza: El sistema capitalista ha demostrado su incompatibilidad con la humanidad y la Madre Tierra\" src=\"https:\/\/www.dailymotion.com\/embed\/video\/x80nkbi\" width=\"800\" height=\"600\" frameborder=\"0\" allowfullscreen=\"allowfullscreen\" data-mce-fragment=\"1\"><\/iframe><\/div>\n<figure id=\"attachment_349045\" class=\"wp-caption aligncenter\" aria-describedby=\"caption-attachment-349045\"><figcaption id=\"caption-attachment-349045\" class=\"wp-caption-text\"><\/figcaption><\/figure>\n","protected":false},"excerpt":{"rendered":"<p>El canciller de la Rep\u00fablica Bolivariana de Venezuela, Jorge Arreaza, inst\u00f3 a los pa\u00edses iberoamericanos a pronunciarse \u201ccontra el bloqueo, las medidas coercitivas unilaterales y contra el sufrimiento impuesto por un nuevo tipo de guerra no convencional que afecta actualmente al menos a 3 pa\u00edses de la comunidad iberoamericana\u201d: Cuba, Nicaragua y Venezuela. \u201cOjal\u00e1 en\u2026 <span class=\"read-more\"><a href=\"https:\/\/consuladobarcelona.gob.ve\/webalterna\/venezuela-insto-a-paises-de-la-cumbre-iberoamericana-a-pronunciarse-contra-el-bloqueo-ilegal\/\">Leer m\u00e1s &raquo;<\/a><\/span><\/p>\n","protected":false},"author":3,"featured_media":5052,"comment_status":"closed","ping_status":"closed","sticky":false,"template":"","format":"standard","meta":{"footnotes":""},"categories":[5],"tags":[],"class_list":["post-5049","post","type-post","status-publish","format-standard","has-post-thumbnail","hentry","category-noticias"],"_links":{"self":[{"href":"https:\/\/consuladobarcelona.gob.ve\/webalterna\/wp-json\/wp\/v2\/posts\/5049","targetHints":{"allow":["GET"]}}],"collection":[{"href":"https:\/\/consuladobarcelona.gob.ve\/webalterna\/wp-json\/wp\/v2\/posts"}],"about":[{"href":"https:\/\/consuladobarcelona.gob.ve\/webalterna\/wp-json\/wp\/v2\/types\/post"}],"author":[{"embeddable":true,"href":"https:\/\/consuladobarcelona.gob.ve\/webalterna\/wp-json\/wp\/v2\/users\/3"}],"replies":[{"embeddable":true,"href":"https:\/\/consuladobarcelona.gob.ve\/webalterna\/wp-json\/wp\/v2\/comments?post=5049"}],"version-history":[{"count":2,"href":"https:\/\/consuladobarcelona.gob.ve\/webalterna\/wp-json\/wp\/v2\/posts\/5049\/revisions"}],"predecessor-version":[{"id":5051,"href":"https:\/\/consuladobarcelona.gob.ve\/webalterna\/wp-json\/wp\/v2\/posts\/5049\/revisions\/5051"}],"wp:featuredmedia":[{"embeddable":true,"href":"https:\/\/consuladobarcelona.gob.ve\/webalterna\/wp-json\/wp\/v2\/media\/5052"}],"wp:attachment":[{"href":"https:\/\/consuladobarcelona.gob.ve\/webalterna\/wp-json\/wp\/v2\/media?parent=5049"}],"wp:term":[{"taxonomy":"category","embeddable":true,"href":"https:\/\/consuladobarcelona.gob.ve\/webalterna\/wp-json\/wp\/v2\/categories?post=5049"},{"taxonomy":"post_tag","embeddable":true,"href":"https:\/\/consuladobarcelona.gob.ve\/webalterna\/wp-json\/wp\/v2\/tags?post=5049"}],"curies":[{"name":"wp","href":"https:\/\/api.w.org\/{rel}","templated":true}]}}