{"id":486,"date":"2019-03-01T11:45:14","date_gmt":"2019-03-01T10:45:14","guid":{"rendered":"http:\/\/consuladobarcelona.gob.ve\/webalterna\/?p=486"},"modified":"2019-03-01T11:45:14","modified_gmt":"2019-03-01T10:45:14","slug":"pueblos-del-mundo-rechazaran-el-16-de-marzo-intervencion-contra-venezuela","status":"publish","type":"post","link":"https:\/\/consuladobarcelona.gob.ve\/webalterna\/pueblos-del-mundo-rechazaran-el-16-de-marzo-intervencion-contra-venezuela\/","title":{"rendered":"Pueblos del mundo rechazar\u00e1n el 16 de marzo intervenci\u00f3n contra Venezuela"},"content":{"rendered":"<p>La Asamblea Internacional de los Pueblos (AIP) acord\u00f3 realizar una movilizaci\u00f3n internacional el pr\u00f3ximo 16 de marzo en rechazo a la injerencia de Estados Unidos (EEUU) en los asuntos internos de Venezuela. El vocero de articulaci\u00f3n de Alba Movimientos, Manuel Bertoldi, hizo el anuncio y reafirm\u00f3 la disposici\u00f3n tras el encuentro que se realiz\u00f3 en solidaridad con Venezuela.\u201cDurante tres d\u00edas estuvimos trabajando y hemos reafirmado nuestro compromiso con el pueblo venezolano y con la Revoluci\u00f3n Bolivariana\u201d, expres\u00f3.<br \/>\nBertoldi explic\u00f3 que esta iniciativa es producto del plan de acci\u00f3n desarrollado durante la AIP y que tiene la intenci\u00f3n de exponer ante el mundo la realidad venezolana \u201cpara que los pueblos del mundo se movilicen en contra de la guerra, la injerencia de EEUU en territorio venezolano y fundamentalmente blindemos nuestros continentes en un territorio de paz\u201d, dijo.<br \/>\nEl intelectual argentino Atilio Bor\u00f3n tambi\u00e9n se refiri\u00f3 a la mobilizaci\u00f3n internacional: \u201cVamos a hacer unas manifestaciones en el mundo en repudio al frente de las embajadas de Estados Unidos para exigir que se retiren de sus intervenciones abiertas contra la Revoluci\u00f3n Bolivariana\u201d, dijo.<br \/>\nLa API culmin\u00f3 este mi\u00e9rcoles desde los espacios del Hotel Alba Caracas ubicado en la avenida M\u00e9xico, en Caracas, con la lectura de un documento final que re\u00fane todas las ideas surgidas del debate de m\u00e1s de 400 delegados y delegadas internacionales pertenecientes a distintas organizaciones sociales y pol\u00edticas de 85 pa\u00edses. Los delegados internacionales sumaron esfuerzos en la construcci\u00f3n de una red global para la reflexi\u00f3n de ejes tem\u00e1ticos relacionados con la lucha antiimperialista, anticolonial y por la soberan\u00eda popular defensa de los recursos naturales, democracia popular; empleo con derechos y salarios dignos, as\u00ed como derechos sociales y derechos humanos.<br \/>\nBor\u00f3n precis\u00f3 que el enfrentamiento es contra un actor global que mueve sus piezas a escala planetaria de forma articulada. \u201cSi hay algo que Estados Unidos no quiere es la unidad y colaboraci\u00f3n entre los pueblos. Ellos ven como un peligro la idea que haya acuerdos, di\u00e1logo e intercambios\u201d, resalt\u00f3 el internacionalista.<\/p>\n","protected":false},"excerpt":{"rendered":"<p>La Asamblea Internacional de los Pueblos (AIP) acord\u00f3 realizar una movilizaci\u00f3n internacional el pr\u00f3ximo 16 de marzo en rechazo a la injerencia de Estados Unidos (EEUU) en los asuntos internos de Venezuela. El vocero de articulaci\u00f3n de Alba Movimientos, Manuel Bertoldi, hizo el anuncio y reafirm\u00f3 la disposici\u00f3n tras el encuentro que se realiz\u00f3 en\u2026 <span class=\"read-more\"><a href=\"https:\/\/consuladobarcelona.gob.ve\/webalterna\/pueblos-del-mundo-rechazaran-el-16-de-marzo-intervencion-contra-venezuela\/\">Leer m\u00e1s &raquo;<\/a><\/span><\/p>\n","protected":false},"author":3,"featured_media":487,"comment_status":"closed","ping_status":"closed","sticky":false,"template":"","format":"standard","meta":{"footnotes":""},"categories":[5],"tags":[],"class_list":["post-486","post","type-post","status-publish","format-standard","has-post-thumbnail","hentry","category-noticias"],"_links":{"self":[{"href":"https:\/\/consuladobarcelona.gob.ve\/webalterna\/wp-json\/wp\/v2\/posts\/486","targetHints":{"allow":["GET"]}}],"collection":[{"href":"https:\/\/consuladobarcelona.gob.ve\/webalterna\/wp-json\/wp\/v2\/posts"}],"about":[{"href":"https:\/\/consuladobarcelona.gob.ve\/webalterna\/wp-json\/wp\/v2\/types\/post"}],"author":[{"embeddable":true,"href":"https:\/\/consuladobarcelona.gob.ve\/webalterna\/wp-json\/wp\/v2\/users\/3"}],"replies":[{"embeddable":true,"href":"https:\/\/consuladobarcelona.gob.ve\/webalterna\/wp-json\/wp\/v2\/comments?post=486"}],"version-history":[{"count":1,"href":"https:\/\/consuladobarcelona.gob.ve\/webalterna\/wp-json\/wp\/v2\/posts\/486\/revisions"}],"predecessor-version":[{"id":488,"href":"https:\/\/consuladobarcelona.gob.ve\/webalterna\/wp-json\/wp\/v2\/posts\/486\/revisions\/488"}],"wp:featuredmedia":[{"embeddable":true,"href":"https:\/\/consuladobarcelona.gob.ve\/webalterna\/wp-json\/wp\/v2\/media\/487"}],"wp:attachment":[{"href":"https:\/\/consuladobarcelona.gob.ve\/webalterna\/wp-json\/wp\/v2\/media?parent=486"}],"wp:term":[{"taxonomy":"category","embeddable":true,"href":"https:\/\/consuladobarcelona.gob.ve\/webalterna\/wp-json\/wp\/v2\/categories?post=486"},{"taxonomy":"post_tag","embeddable":true,"href":"https:\/\/consuladobarcelona.gob.ve\/webalterna\/wp-json\/wp\/v2\/tags?post=486"}],"curies":[{"name":"wp","href":"https:\/\/api.w.org\/{rel}","templated":true}]}}