{"id":4505,"date":"2021-02-22T11:15:14","date_gmt":"2021-02-22T10:15:14","guid":{"rendered":"http:\/\/consuladobarcelona.gob.ve\/webalterna\/?p=4505"},"modified":"2021-02-22T11:15:34","modified_gmt":"2021-02-22T10:15:34","slug":"pdte-maduro-reafirma-la-vigencia-del-manifiesto-comunista-a-173-anos-de-su-lanzamiento","status":"publish","type":"post","link":"https:\/\/consuladobarcelona.gob.ve\/webalterna\/pdte-maduro-reafirma-la-vigencia-del-manifiesto-comunista-a-173-anos-de-su-lanzamiento\/","title":{"rendered":"Presidente Maduro reafirma la vigencia del Manifiesto Comunista a 173 a\u00f1os de su lanzamiento"},"content":{"rendered":"<p>\u201cEn Venezuela,<strong> la Revoluci\u00f3n Bolivariana ha sido la conjunci\u00f3n de las luchas de clases hist\u00f3ricas acumuladas de 500 a\u00f1os contra el colonialismo, el imperialismo y las formas que la oligarqu\u00eda y burgues\u00eda han tomado para ejercer su dominaci\u00f3n<\/strong>\u201d, expres\u00f3 este domingo el presidente de la Rep\u00fablica, Nicol\u00e1s Maduro, al comentar la importancia y la vigencia en el mundo actual tras 173 a\u00f1os del manifiesto Comunistas, uno de los tratados pol\u00edticos m\u00e1s influyentes de la historia humana contempor\u00e1nea.<\/p>\n<p>\u201cEl Manifiesto Comunista, como se sabe, es<strong> la declaraci\u00f3n m\u00e1s importante en pol\u00edtica en 200 a\u00f1os de historia<\/strong>, documento contundente con el que Marx y Engel exponen su visi\u00f3n del materialismo hist\u00f3rico y el desarrollo de la lucha de clases y el <strong>camino del Socialism<\/strong>o que la humanidad ir\u00eda tomando\u201d, se\u00f1al\u00f3 en un breve mensaje desde el Palacio de Miraflores, en Caracas, como parte de su participaci\u00f3n en la <strong>red BOOKS DAY 2021<\/strong> por el 173 aniversario de la publicaci\u00f3n de tan importante documento de la historia humana.<\/p>\n<ul>\n<li>El Manifiesto recoge los pensamientos de los intelectuales alemanes <strong>Karl Marx<\/strong> (1818-1883) y <strong>Friedrich Engels<\/strong> (1820-1895) en materia pol\u00edtica, econ\u00f3mica y sociol\u00f3gica. Ellos plasmaron los pilares tanto del socialismo originario como del comunismo cient\u00edfico, aplicados a diversos campos o \u00e1mbitos de estudio sociopol\u00edticos y econ\u00f3micos, que han ayudado a definir posteriormente la realidad de las relaciones socioecon\u00f3micas de la actual humanidad y la explotaci\u00f3n del hombre por el hombre.\n<ul>\n<li>Marx fue uno de los grandes pensadores del siglo XIX y es considerado como el padre del socialismo cient\u00edfico. Sus teor\u00edas econ\u00f3micas y sociales forman una corriente de pensamiento que lleva su nombre, el marxismo.<\/li>\n<li>Engels fue un fil\u00f3sofo, polit\u00f3logo, soci\u00f3logo, historiador, periodista, revolucionario y te\u00f3rico comunista y socialista alem\u00e1n, amigo y colaborador de Marx, que contribuy\u00f3 a desarrollar y completar su obra.<\/li>\n<\/ul>\n<p>En Bruselas, donde se refugiaron ambos, participaron activamente en el movimiento pol\u00edtico y sindical. Con Marx, form\u00f3 parte de la Liga de los Justos que, posteriormente, se transformar\u00eda en la <strong>Liga de los Comunistas<\/strong>.<\/p>\n<p>El documento surgi\u00f3 en el segundo Congreso de la Liga de los Comunistas, donde se encarg\u00f3 a Engels y a Marx la redacci\u00f3n de una suerte de gu\u00eda para el movimiento, que se publicar\u00eda con el t\u00edtulo de Manifiesto del Partido Comunista en 1848.<\/p>\n<p>Tanto Marx como Engels persegu\u00edan con su confecci\u00f3n y expansi\u00f3n el objetivo de dar formalidad cient\u00edfica y por escrito a sus teor\u00edas m\u00e1s destacadas: <strong>la lucha de clases y su desaparici\u00f3n para dar paso al poder del proletariado, los efectos nocivos del capitalismo y de la industrializaci\u00f3n masiva y la necesidad de una mayor igualdad social<\/strong>.<\/li>\n<\/ul>\n<figure id=\"attachment_329460\" class=\"wp-caption aligncenter\" aria-describedby=\"caption-attachment-329460\"><img loading=\"lazy\" decoding=\"async\" class=\"wp-image-329460 size-large\" src=\"https:\/\/www.vtv.gob.ve\/wp-content\/uploads\/2021\/02\/manifiesto-comunista-1024x511.jpeg\" sizes=\"auto, (max-width: 1024px) 100vw, 1024px\" srcset=\"https:\/\/www.vtv.gob.ve\/wp-content\/uploads\/2021\/02\/manifiesto-comunista-1024x511.jpeg 1024w, https:\/\/www.vtv.gob.ve\/wp-content\/uploads\/2021\/02\/manifiesto-comunista-300x150.jpeg 300w, https:\/\/www.vtv.gob.ve\/wp-content\/uploads\/2021\/02\/manifiesto-comunista-768x383.jpeg 768w, https:\/\/www.vtv.gob.ve\/wp-content\/uploads\/2021\/02\/manifiesto-comunista.jpeg 1130w\" alt=\"Vigencia del Manifiesto Comunista a 173 a\u00f1os de su lanzamiento\" width=\"1024\" height=\"511\" \/><\/figure>\n<p>Desde Miraflores, al saludar en su mensaje a todos los movimientos sociales, partidos comunistas y de izquierda del mundo, el Presidente venezolano invit\u00f3 a celebrar con la difusi\u00f3n y la unidad estos 173 a\u00f1os de la publicaci\u00f3n de una obra humana que descubri\u00f3 en el siglo 19 la necesidad de mantener un<strong> esp\u00edritu unitario, abarcador, incluyente de todas las fuerzas progresistas que buscan el socialismo como camino para la humanidad<\/strong>.<\/p>\n<p>\u201cEs otra realidad la del siglo 19 pero descubrieron la importancia de los medios para unir a la clase obrera por la humanidad, por el socialismo\u201d, advirti\u00f3, al leer fragmentos de este documento m\u00e1s que centenario que no pierde su contundente vigencia.<\/p>\n<p>\u201cNuestra Revoluci\u00f3n Bolivariana ha asumido desde el principio con el comandante Ch\u00e1vez, las ideas fundamentales de Marx y Engels, la dial\u00e9ctica materialista y la b\u00fasqueda de la utop\u00eda posible hacia el futuro de una humanidad con el socialismo de acuerdo a sus particularidades\u201d, expres\u00f3 el Dignatario venezolano.<\/p>\n<figure id=\"attachment_329450\" class=\"wp-caption aligncenter\" aria-describedby=\"caption-attachment-329450\"><img loading=\"lazy\" decoding=\"async\" class=\"wp-image-329450 size-full\" src=\"https:\/\/www.vtv.gob.ve\/wp-content\/uploads\/2021\/02\/ORLANDO-1-1.jpg\" sizes=\"auto, (max-width: 800px) 100vw, 800px\" srcset=\"https:\/\/www.vtv.gob.ve\/wp-content\/uploads\/2021\/02\/ORLANDO-1-1.jpg 800w, https:\/\/www.vtv.gob.ve\/wp-content\/uploads\/2021\/02\/ORLANDO-1-1-300x167.jpg 300w, https:\/\/www.vtv.gob.ve\/wp-content\/uploads\/2021\/02\/ORLANDO-1-1-768x427.jpg 768w\" alt=\"Jefe de Estado reafirma en Venezuela y el mundo la vigencia del Manifiesto Comunista a 173 a\u00f1os de su lanzamiento\" width=\"800\" height=\"445\" \/><\/figure>\n<p>El Presidente venezolano ratific\u00f3 que este camino para la unidad socialista debe construirse <strong>sin sectarismo<\/strong> de ning\u00fan tipo, sin dogmatismo alguno y que <strong>cada pa\u00eds construya su v\u00eda<\/strong> de acuerdo a la realidad concreta y la teor\u00eda concreta seg\u00fan sus particularidades nacionales y regionales.<\/p>\n<p>\u201cNosotros enarbolamos con mucha fuerza, a 173 a\u00f1os de este documento fundamental de la humanidad, enarbolamos las ideas de la lucha revolucionaria de clases por una sociedad m\u00e1s humana, donde la clase obrera, y lo digo orgulloso como miembro y militante obrero, como conductor de autob\u00fas y delegado sindical de la clase obrera, lo m\u00e1s importante es agrupar y unir las fuerzas\u201d, expres\u00f3.<\/p>\n<p>Pidi\u00f3 reforzar las maneras de comunicaci\u00f3n entre los intelectuales, partidos pol\u00edticos, editoriales, movimientos y fuerzas de la renovaci\u00f3n mundial para unir luchas del presente y articular las victorias del futuro.<\/p>\n<p>\u201cDesde la Venezuela chavista rumbo al Socialismo, le digo a los amigos y amigas del mundo: <strong>aqu\u00ed estamos en una trinchera de las luchas de ideas por la humanidad, victoriosos y de pie, tendiendo la mano a la uni\u00f3n de todos los movimientos<\/strong>. \u00a1Otro mundo es posible, 173 a\u00f1os y la lucha contin\u00faa y avanza!\u201d.<\/p>\n","protected":false},"excerpt":{"rendered":"<p>\u201cEn Venezuela, la Revoluci\u00f3n Bolivariana ha sido la conjunci\u00f3n de las luchas de clases hist\u00f3ricas acumuladas de 500 a\u00f1os contra el colonialismo, el imperialismo y las formas que la oligarqu\u00eda y burgues\u00eda han tomado para ejercer su dominaci\u00f3n\u201d, expres\u00f3 este domingo el presidente de la Rep\u00fablica, Nicol\u00e1s Maduro, al comentar la importancia y la vigencia\u2026 <span class=\"read-more\"><a href=\"https:\/\/consuladobarcelona.gob.ve\/webalterna\/pdte-maduro-reafirma-la-vigencia-del-manifiesto-comunista-a-173-anos-de-su-lanzamiento\/\">Leer m\u00e1s &raquo;<\/a><\/span><\/p>\n","protected":false},"author":3,"featured_media":4506,"comment_status":"closed","ping_status":"closed","sticky":false,"template":"","format":"standard","meta":{"footnotes":""},"categories":[5],"tags":[],"class_list":["post-4505","post","type-post","status-publish","format-standard","has-post-thumbnail","hentry","category-noticias"],"_links":{"self":[{"href":"https:\/\/consuladobarcelona.gob.ve\/webalterna\/wp-json\/wp\/v2\/posts\/4505","targetHints":{"allow":["GET"]}}],"collection":[{"href":"https:\/\/consuladobarcelona.gob.ve\/webalterna\/wp-json\/wp\/v2\/posts"}],"about":[{"href":"https:\/\/consuladobarcelona.gob.ve\/webalterna\/wp-json\/wp\/v2\/types\/post"}],"author":[{"embeddable":true,"href":"https:\/\/consuladobarcelona.gob.ve\/webalterna\/wp-json\/wp\/v2\/users\/3"}],"replies":[{"embeddable":true,"href":"https:\/\/consuladobarcelona.gob.ve\/webalterna\/wp-json\/wp\/v2\/comments?post=4505"}],"version-history":[{"count":2,"href":"https:\/\/consuladobarcelona.gob.ve\/webalterna\/wp-json\/wp\/v2\/posts\/4505\/revisions"}],"predecessor-version":[{"id":4508,"href":"https:\/\/consuladobarcelona.gob.ve\/webalterna\/wp-json\/wp\/v2\/posts\/4505\/revisions\/4508"}],"wp:featuredmedia":[{"embeddable":true,"href":"https:\/\/consuladobarcelona.gob.ve\/webalterna\/wp-json\/wp\/v2\/media\/4506"}],"wp:attachment":[{"href":"https:\/\/consuladobarcelona.gob.ve\/webalterna\/wp-json\/wp\/v2\/media?parent=4505"}],"wp:term":[{"taxonomy":"category","embeddable":true,"href":"https:\/\/consuladobarcelona.gob.ve\/webalterna\/wp-json\/wp\/v2\/categories?post=4505"},{"taxonomy":"post_tag","embeddable":true,"href":"https:\/\/consuladobarcelona.gob.ve\/webalterna\/wp-json\/wp\/v2\/tags?post=4505"}],"curies":[{"name":"wp","href":"https:\/\/api.w.org\/{rel}","templated":true}]}}