{"id":397,"date":"2019-02-27T10:43:50","date_gmt":"2019-02-27T09:43:50","guid":{"rendered":"http:\/\/consuladobarcelona.gob.ve\/webalterna\/?p=397"},"modified":"2019-02-28T15:33:00","modified_gmt":"2019-02-28T14:33:00","slug":"canciller-arreaza-denuncia-ante-consejo-de-seguridad-movilizacion-de-tropas-de-eeuu-en-el-caribe","status":"publish","type":"post","link":"https:\/\/consuladobarcelona.gob.ve\/webalterna\/canciller-arreaza-denuncia-ante-consejo-de-seguridad-movilizacion-de-tropas-de-eeuu-en-el-caribe\/","title":{"rendered":"Canciller Arreaza denuncia ante Consejo de Seguridad movilizaci\u00f3n de tropas de EEUU en el Caribe"},"content":{"rendered":"\n<p>Este martes durante el Consejo de Seguridad de la Organizaci\u00f3n de Naciones Unidas (ONU) en el que se discuti\u00f3 sobre la situaci\u00f3n pol\u00edtica y humanitaria de la Rep\u00fablica Bolivariana de Venezuela, el Canciller venezolano Jorge Arreaza, denunci\u00f3 que durante el fin de semana pasado, como parte de la operaci\u00f3n para forzar la entrada de una supuesta ayuda humanitaria y agredir a Venezuela, el gobierno de Estados Unidos moviliz\u00f3 tropas por el Caribe y compr\u00f3 armas en pa\u00edses de Europa Oriental con el objetivo de armar a la oposici\u00f3n venezolana.<br>\n\u201cAprovechamos para denunciar aqu\u00ed la informaci\u00f3n que hemos recibido de parte de pa\u00edses amigos como Cuba o Rusia, de movimientos y movilizaci\u00f3n de tropas militares en el Caribe o la compra de armas en Europa Oriental para dirigirlas a la oposici\u00f3n radical venezolana y generar una intervenci\u00f3n militar\u201d, indic\u00f3<br>\nEl Jefe de Relaciones Exteriores venezolano polemiz\u00f3 la raz\u00f3n del porque un buque de guerra estadounidense se encontraba en una isla del Caribe, cerca de Venezuela. \u201c\u00bfQu\u00e9 hac\u00eda el Jefe del Comando Sur de Estados Unidos con el Jefe de las Fuerzas Armadas de Colombia en Bogot\u00e1 para hablar de la ayuda humanitaria a Venezuela? (\u2026) \u00bfde cu\u00e1ndo ac\u00e1 se re\u00fanen militares de otros pa\u00edses para hablar de ayuda humanitaria?<br>\nDesde Nueva York, el Canciller Arreaza tambi\u00e9n devel\u00f3 que el gobierno de Estados Unidos organiza, financia y lidera una operaci\u00f3n internacional con apoyo de la oposici\u00f3n venezolana para agredir a Venezuela. En ese sentido, destac\u00f3 que el cami\u00f3n que se quem\u00f3 del lado colombiano con supuesta ayuda humanitaria, tambi\u00e9n conten\u00eda herramientas para iniciar nuevas \u2018guarimbas\u2019 en el pa\u00eds y que gracias a las fuerzas del orden p\u00fablico venezolano, se contuvo la pretendida agresi\u00f3n sin uso de fuerza letal. \u201cTen\u00edan guayas, alambres, clavos para fabricar armas (\u2026) esos son instrumentos que estamos acostumbrados a que los utilice la oposici\u00f3n venezolana\u201d. Enfatiz\u00f3 que el mayor n\u00famero de heridos se registr\u00f3 entre los oficiales venezolanos que resguardaban la frontera.<br>\nAsimismo, hizo un llamado a la oposici\u00f3n a aceptar la propuesta del \u2018Mecanismo de Montevideo\u2019 para un di\u00e1logo que solucione los problemas de Venezuela Constitucion en mano. Reiter\u00f3 que el Gobierno del presidente Nicol\u00e1s Maduro avala el referido Mecanismo. \u201cEl golpe de Estado ha fracasado (\u2026) hasta el mismo grupo de pa\u00edses cartelizados contra Venezuela se dividi\u00f3 en este aspecto porque no desean el conflicto militar de Estados Unidos\u201d, agreg\u00f3.<br>\n\u201c\u00bfSer\u00e1 mucho pedir que en este Consejo los presentes firmen y suscriban un documento oponi\u00e9ndose al uso de lo fuerza contra Venezuela (..) o es que van a dejar que Estados Unidos siga teniendo todas las opciones sobre la mesa?\u201d, pregunt\u00f3. Sobre ese punto, asever\u00f3 que lo ocurrido el pasado 23 de febrero en la frontera entre Colombia y Venezuela fue el \u201c\u00faltimo cap\u00edtulo de un golpe de Estado que fracas\u00f3\u201d. Hizo un llamado al respeto, a las leyes internacionales y a la Constituci\u00f3n de Venezuela, al tiempo que ratific\u00f3 la voluntad del Gobierno Bolivariano de construir \u201cuna soluci\u00f3n sin injerencia, ni intervenci\u00f3n de nadie, y mucho menos de los EEUU\u201d. \u201cOjal\u00e1 la Casa Blanca le de permiso al se\u00f1or Guaid\u00f3 para sentarse a hablar\u201d, manifest\u00f3.<br>\nRespecto a la Violencia en la frontera con Brasil, el Diplom\u00e1tico venezolano inform\u00f3 que ya se han iniciado las investigaciones sobre los hechos violentos ocurridos en Santa Elena de Uair\u00e9n, estado Bol\u00edvar. \u201cSi, muri\u00f3 un grupo de personas en Santa Elena de Uair\u00e9n (\u2026) estamos investigando los hechos. Fue un grupo de personas armadas de la oposici\u00f3n a tratar de tomar una unidad militar y se les contuvo con el uso progresivo y diferenciado de la fuerza, herramientas de la polic\u00eda para evitar que el orden p\u00fablico se pueda ver perturbado (\u2026) \u00bfqu\u00e9 ocurri\u00f3 y como murieron esas personas?, estamos investigando todos los hechos\u201d, enfatiz\u00f3 el Ministro.<br>\nPor otra parte, el Canciller llam\u00f3 al secretario general de las Naciones Unidas, Ant\u00f3nio Guterres y a la alta comisionada para los Derechos Humanos de la ONU, Michelle Bachalet, a pronunciarse y tomar medidas preventivas contra una acci\u00f3n militar en Venezuela. \u201c\u00bfDejaremos que se pretenda invadir a un pa\u00eds con bombas y usando el Derecho Internacional?\u201d, plante\u00f3.<br>\nPor \u00faltimo, el Canciller Arreaza agradeci\u00f3 la creaci\u00f3n de un grupo de 60 delegaciones internacionales de las Naciones Unidas para defender los principios de su Carta fundacional y defender a los pueblos que sean atacados y asediados como hoy lo es Venezuela. Destac\u00f3 que el Consejo de Seguridad debe presentarse como un espacio para evitar la guerra y para que se imponga una agenda multilateral en contra del unilateralismo que respete el derecho internacional.<\/p>\n","protected":false},"excerpt":{"rendered":"<p>Este martes durante el Consejo de Seguridad de la Organizaci\u00f3n de Naciones Unidas (ONU) en el que se discuti\u00f3 sobre la situaci\u00f3n pol\u00edtica y humanitaria de la Rep\u00fablica Bolivariana de Venezuela, el Canciller venezolano Jorge Arreaza, denunci\u00f3 que durante el fin de semana pasado, como parte de la operaci\u00f3n para forzar la entrada de una\u2026 <span class=\"read-more\"><a href=\"https:\/\/consuladobarcelona.gob.ve\/webalterna\/canciller-arreaza-denuncia-ante-consejo-de-seguridad-movilizacion-de-tropas-de-eeuu-en-el-caribe\/\">Leer m\u00e1s &raquo;<\/a><\/span><\/p>\n","protected":false},"author":3,"featured_media":394,"comment_status":"closed","ping_status":"closed","sticky":false,"template":"","format":"standard","meta":{"footnotes":""},"categories":[5],"tags":[],"class_list":["post-397","post","type-post","status-publish","format-standard","has-post-thumbnail","hentry","category-noticias"],"_links":{"self":[{"href":"https:\/\/consuladobarcelona.gob.ve\/webalterna\/wp-json\/wp\/v2\/posts\/397","targetHints":{"allow":["GET"]}}],"collection":[{"href":"https:\/\/consuladobarcelona.gob.ve\/webalterna\/wp-json\/wp\/v2\/posts"}],"about":[{"href":"https:\/\/consuladobarcelona.gob.ve\/webalterna\/wp-json\/wp\/v2\/types\/post"}],"author":[{"embeddable":true,"href":"https:\/\/consuladobarcelona.gob.ve\/webalterna\/wp-json\/wp\/v2\/users\/3"}],"replies":[{"embeddable":true,"href":"https:\/\/consuladobarcelona.gob.ve\/webalterna\/wp-json\/wp\/v2\/comments?post=397"}],"version-history":[{"count":1,"href":"https:\/\/consuladobarcelona.gob.ve\/webalterna\/wp-json\/wp\/v2\/posts\/397\/revisions"}],"predecessor-version":[{"id":398,"href":"https:\/\/consuladobarcelona.gob.ve\/webalterna\/wp-json\/wp\/v2\/posts\/397\/revisions\/398"}],"wp:featuredmedia":[{"embeddable":true,"href":"https:\/\/consuladobarcelona.gob.ve\/webalterna\/wp-json\/wp\/v2\/media\/394"}],"wp:attachment":[{"href":"https:\/\/consuladobarcelona.gob.ve\/webalterna\/wp-json\/wp\/v2\/media?parent=397"}],"wp:term":[{"taxonomy":"category","embeddable":true,"href":"https:\/\/consuladobarcelona.gob.ve\/webalterna\/wp-json\/wp\/v2\/categories?post=397"},{"taxonomy":"post_tag","embeddable":true,"href":"https:\/\/consuladobarcelona.gob.ve\/webalterna\/wp-json\/wp\/v2\/tags?post=397"}],"curies":[{"name":"wp","href":"https:\/\/api.w.org\/{rel}","templated":true}]}}