{"id":3933,"date":"2020-11-27T11:54:24","date_gmt":"2020-11-27T10:54:24","guid":{"rendered":"http:\/\/consuladobarcelona.gob.ve\/webalterna\/?p=3933"},"modified":"2020-11-27T11:56:19","modified_gmt":"2020-11-27T10:56:19","slug":"independencia-develan-monumento-y-monolitos-en-homenaje-al-bicentenario-de-los-tratados-de-trujillo","status":"publish","type":"post","link":"https:\/\/consuladobarcelona.gob.ve\/webalterna\/independencia-develan-monumento-y-monolitos-en-homenaje-al-bicentenario-de-los-tratados-de-trujillo\/","title":{"rendered":"INDEPENDENCIA | Develan Monumento y monolitos en homenaje al Bicentenario de Los Tratados de Trujillo"},"content":{"rendered":"<p>Desde la parroquia Santa Ana, municipio Pamp\u00e1n, en el estado Trujillo, se llev\u00f3 a cabo la develaci\u00f3n del Monumento Bicentenario de <strong>Los Tratados de Trujillo<\/strong> y 5 monolitos, los cuales simbolizan una carga hist\u00f3rica fundamental para la Patria y m\u00e1s en estos momentos donde el pueblo venezolano libra una batalla contra los poderes imperiales, as\u00ed lo inform\u00f3 la <strong>vicepresidenta Ejecutiva de la Rep\u00fablica Bolivariana de Venezuela, Delcy Rodr\u00edguez<\/strong>.<\/p>\n<p>La Vicepresidenta Ejecutiva de la Rep\u00fablica se\u00f1al\u00f3 que hace 200 a\u00f1os se llev\u00f3 a cabo el sello de los acuerdos de Trujillo que incluyeron el Armisticio de aquel 26 de noviembre, acci\u00f3n que representa los Tratados de Regularizaci\u00f3n de la Guerra. Todas estas acciones est\u00e1n expresadas en dicho monumento, el cual muestra el abrazo entre el Libertador Sim\u00f3n Bol\u00edvar y Pablo Morillo, comandante de Fernando VII en Venezuela.<\/p>\n<p>\u201cEste monumento representa una carga hist\u00f3rica que trasciende hasta estos tiempos, en este momento vuelve a estar presente el pueblo que lucha por sus ideales, por su <strong>historia, libertad, dignidad y democracia<\/strong>\u201d indic\u00f3 la Vicepresidenta.<\/p>\n<p>Igualmente fue develado un monumento en honor al Gran Mariscal de Ayacucho, Antonio Jos\u00e9 de Sucre, quien fue el negociador que llev\u00f3 a cabo la conducci\u00f3n de la firma del Armisticio y del Tratado de Regulaci\u00f3n de la Guerra, hecho que inspir\u00f3 la diplomacia bolivariana de paz.<\/p>\n<p>El Gran Mariscal de Ayacucho, fue art\u00edfice de estos acuerdos que condujeron hacia la diplomacia que culmin\u00f3 con la firma de estos trascendentales acuerdos. Este complejo de monumentos marcan todas las etapas de la historia y la Rep\u00fablica, donde tambi\u00e9n est\u00e1 expresado el sentimiento del pueblo venezolano.<\/p>\n<p>Este hecho refleja el reconocimiento de Espa\u00f1a hacia el Libertador como presidente de Colombia, reconocimiento a la acci\u00f3n pol\u00edtica, diplom\u00e1tica y militar del Padre Libertador en su tr\u00e1nsito y camino por la independencia de Venezuela la cual se sell\u00f3 en la <strong>Batalla de Carabobo<\/strong> en 1821.<\/p>\n<p>\u201cA\u00f1adir\u00eda que el Libertador trajo muchas ense\u00f1anzas no solo para Venezuela, sino para la humanidad, Sim\u00f3n Bol\u00edvar ha sido uno de los grandes maestros universales\u201d dijo.<\/p>\n<p><img loading=\"lazy\" decoding=\"async\" class=\"aligncenter wp-image-296852 size-full\" src=\"https:\/\/www.vtv.gob.ve\/wp-content\/uploads\/2020\/11\/EnyITZCWMAE24oB.jpg\" sizes=\"auto, (max-width: 800px) 100vw, 800px\" srcset=\"https:\/\/www.vtv.gob.ve\/wp-content\/uploads\/2020\/11\/EnyITZCWMAE24oB.jpg 800w, https:\/\/www.vtv.gob.ve\/wp-content\/uploads\/2020\/11\/EnyITZCWMAE24oB-300x167.jpg 300w, https:\/\/www.vtv.gob.ve\/wp-content\/uploads\/2020\/11\/EnyITZCWMAE24oB-768x427.jpg 768w\" alt=\"\" width=\"800\" height=\"445\" \/><\/p>\n<p>Por su parte el gobernador del estado Trujillo, <strong>Henry Rangel Silva,<\/strong> se\u00f1al\u00f3 que con la develaci\u00f3n de estos monumentos se est\u00e1 ratificando el valor de la historia.<\/p>\n<p>El Mandatario estadal indic\u00f3 que este monumento est\u00e1 compuesto por un cuerpo de esculturas que le dan vida a este proceso hist\u00f3rico, con 5 monolitos que representan las etapas de la vida republicana de Venezuela, \u201cen ellos se explica el Tratado de Armisticio\u201d<\/p>\n<p>Destac\u00f3 que en el monolito central se realiza un homenaje al Bicentenario por parte del Gobierno Nacional y en los \u00faltimos dos, se explica el Tratado de Regularizaci\u00f3n.<\/p>\n<p>Esta obra est\u00e1 construida sobre un \u00e1rea de mil metros cuadrados, los cuales han sido trabajados con mucho amor y cari\u00f1o y ofrece un amplio espacio para la interacci\u00f3n educativa y el encuentro colectivo, se\u00f1al\u00f3.<\/p>\n<p>El\u00a0Tratado de Armisticio y Regularizaci\u00f3n de la Guerra, conocido como el Armisticio de Trujillo, fueron dos acuerdos firmados entre la Gran Colombia y el Reino de Espa\u00f1a el 25 y el 26 de noviembre de 1820 en Trujillo, Venezuela.<\/p>\n<p>Con estos tratados quedaba oficialmente derogada la guerra a muerte, se acordaba una tregua de seis meses adem\u00e1s de constituir de facto un reconocimiento del Estado colombiano.<\/p>\n<p>&nbsp;<\/p>\n<p><span style=\"color: #800000;\"><strong>Jefe de Estado: Vamos rumbo al Bicentenario de la Batalla de Carabobo en el camino correcto, el de la independencia absoluta<\/strong> <\/span><\/p>\n<p>\u201cNadie dude del camino que hemos tomado. La consigna del Libertador de hace 200 a\u00f1os agarra m\u00e1s fuerza hoy, y por eso la hemos incorporado al saludo de la Fuerza Armada Nacional Bolivariana: Independencia o nada\u201d, expres\u00f3 este jueves el presidente de la Rep\u00fablica, Nicol\u00e1s Maduro Moros, al ordenar la <strong>difusi\u00f3n -al m\u00e1ximo nivel de informaci\u00f3n did\u00e1ctica- de la historia de independencia venezolana rumbo al Bicentenario de Carabobo<\/strong>, en junio de 2021.<\/p>\n<p>Desde el Complejo Monumental Pante\u00f3n y Mausoleo de Bol\u00edvar, en Caracas, el Jefe de Estado conmemor\u00f3 los 200 a\u00f1os de la firma de los tratados de Trujillo, donde el Libertador Sim\u00f3n Bol\u00edvar logr\u00f3 de Espa\u00f1a \u00a0el reconocimiento de la beligerancia del Ej\u00e9rcito Patriota por la independencia de Venezuela y la Gran Colombia, en 1820, con la firma del Tratado de Regularizaci\u00f3n de la Guerra y el Armisticio.<\/p>\n<p>Durante su intervenci\u00f3n en el magno recinto donde reposan los restos inmortales del Padre de la Patria, el presidente Maduro hizo un recuento de la gloriosa historia venezolana, dando instrucciones para que el Ministerio de Comunicaci\u00f3n y las autoridades educativas fomenten y promuevan su conocimiento en las nuevas generaciones.<\/p>\n","protected":false},"excerpt":{"rendered":"<p>Desde la parroquia Santa Ana, municipio Pamp\u00e1n, en el estado Trujillo, se llev\u00f3 a cabo la develaci\u00f3n del Monumento Bicentenario de Los Tratados de Trujillo y 5 monolitos, los cuales simbolizan una carga hist\u00f3rica fundamental para la Patria y m\u00e1s en estos momentos donde el pueblo venezolano libra una batalla contra los poderes imperiales, as\u00ed\u2026 <span class=\"read-more\"><a href=\"https:\/\/consuladobarcelona.gob.ve\/webalterna\/independencia-develan-monumento-y-monolitos-en-homenaje-al-bicentenario-de-los-tratados-de-trujillo\/\">Leer m\u00e1s &raquo;<\/a><\/span><\/p>\n","protected":false},"author":3,"featured_media":3934,"comment_status":"closed","ping_status":"closed","sticky":false,"template":"","format":"standard","meta":{"footnotes":""},"categories":[5],"tags":[],"class_list":["post-3933","post","type-post","status-publish","format-standard","has-post-thumbnail","hentry","category-noticias"],"_links":{"self":[{"href":"https:\/\/consuladobarcelona.gob.ve\/webalterna\/wp-json\/wp\/v2\/posts\/3933","targetHints":{"allow":["GET"]}}],"collection":[{"href":"https:\/\/consuladobarcelona.gob.ve\/webalterna\/wp-json\/wp\/v2\/posts"}],"about":[{"href":"https:\/\/consuladobarcelona.gob.ve\/webalterna\/wp-json\/wp\/v2\/types\/post"}],"author":[{"embeddable":true,"href":"https:\/\/consuladobarcelona.gob.ve\/webalterna\/wp-json\/wp\/v2\/users\/3"}],"replies":[{"embeddable":true,"href":"https:\/\/consuladobarcelona.gob.ve\/webalterna\/wp-json\/wp\/v2\/comments?post=3933"}],"version-history":[{"count":3,"href":"https:\/\/consuladobarcelona.gob.ve\/webalterna\/wp-json\/wp\/v2\/posts\/3933\/revisions"}],"predecessor-version":[{"id":3937,"href":"https:\/\/consuladobarcelona.gob.ve\/webalterna\/wp-json\/wp\/v2\/posts\/3933\/revisions\/3937"}],"wp:featuredmedia":[{"embeddable":true,"href":"https:\/\/consuladobarcelona.gob.ve\/webalterna\/wp-json\/wp\/v2\/media\/3934"}],"wp:attachment":[{"href":"https:\/\/consuladobarcelona.gob.ve\/webalterna\/wp-json\/wp\/v2\/media?parent=3933"}],"wp:term":[{"taxonomy":"category","embeddable":true,"href":"https:\/\/consuladobarcelona.gob.ve\/webalterna\/wp-json\/wp\/v2\/categories?post=3933"},{"taxonomy":"post_tag","embeddable":true,"href":"https:\/\/consuladobarcelona.gob.ve\/webalterna\/wp-json\/wp\/v2\/tags?post=3933"}],"curies":[{"name":"wp","href":"https:\/\/api.w.org\/{rel}","templated":true}]}}