{"id":392,"date":"2019-02-27T10:39:32","date_gmt":"2019-02-27T09:39:32","guid":{"rendered":"http:\/\/consuladobarcelona.gob.ve\/webalterna\/?p=392"},"modified":"2024-07-18T13:29:06","modified_gmt":"2024-07-18T12:29:06","slug":"asamblea-de-los-pueblos-una-verdadera-ayuda-internacional","status":"publish","type":"post","link":"https:\/\/consuladobarcelona.gob.ve\/webalterna\/asamblea-de-los-pueblos-una-verdadera-ayuda-internacional\/","title":{"rendered":"Asamblea de los Pueblos: una verdadera ayuda internacional"},"content":{"rendered":"\r\n<p>A trav\u00e9s de un manifiesto, los participantes de la Asamblea Internacional de los Pueblos que se desarrolla en Caracas \u2013 entre ellos miembros de la Plataforma Catalana de Solidaridad con Venezuela @CatalunyaVzla \u2013 reafirmaron la defensa de la soberan\u00eda y la autodeterminaci\u00f3n de Venezuela.<br \/>El documento, le\u00eddo ante el presidente de Venezuela, Nicol\u00e1s Maduro, sirvi\u00f3 para que los participantes se pronunciaran en defensa de la Revoluci\u00f3n Bolivariana y de la legitimidad de su Jefe de Estado, y resaltaran los logros sociales que el Gobierno venezolano ha otorgado al pueblo.<br \/>El comunicado destaca que el gobierno estadounidense est\u00e1 determinado a derrocar el proceso para tomar control directo de las riquezas naturales y de acabar con la soberan\u00eda y autodeterminaci\u00f3n de la naci\u00f3n. Tambi\u00e9n denuncia los ataques de guerra h\u00edbridas y permanentes a trav\u00e9s de todas las formas posibles para intentar derrocar el proceso bolivariano. Igualmente, la guerra geoecon\u00f3mica que tiene Estados Unidos contra China y Rusia amenaza con conducir a la humanidad a una \u201cGuerra total\u201d. Resalta que para mantener su hegemon\u00eda instauran bloqueos econ\u00f3micos, agresiones b\u00e9licas y ocupaciones. El documento destaca que tambi\u00e9n ejercen guerras econ\u00f3micas, psicol\u00f3gicas y culturales como las que le han impuesto a Venezuela desde hace varios a\u00f1os, bajo la premisa de la defensa de los Derechos Humanos y la democracia, para esconder sus verdaderas intenciones de agresi\u00f3n contra el pa\u00eds.<br \/>La Asamblea Internacional de los Pueblos cuenta con la participaci\u00f3n de 483 delegados y delegadas provenientes de 87 pa\u00edses, representantes de movimientos estudiantiles, campesinos, juveniles, intelectuales, obreros y cultores, quienes manifestaron su respaldo a la Revoluci\u00f3n Bolivariana. Los participantes de la Asamblea son integrantes de partidos, movimientos y organizaciones sociales de los 5 continentes.<\/p>\r\n","protected":false},"excerpt":{"rendered":"<p>A trav\u00e9s de un manifiesto, los participantes de la Asamblea Internacional de los Pueblos que se desarrolla en Caracas \u2013 entre ellos miembros de la Plataforma Catalana de Solidaridad con Venezuela @CatalunyaVzla \u2013 reafirmaron la defensa de la soberan\u00eda y la autodeterminaci\u00f3n de Venezuela.El documento, le\u00eddo ante el presidente de Venezuela, Nicol\u00e1s Maduro, sirvi\u00f3 para\u2026 <span class=\"read-more\"><a href=\"https:\/\/consuladobarcelona.gob.ve\/webalterna\/asamblea-de-los-pueblos-una-verdadera-ayuda-internacional\/\">Leer m\u00e1s &raquo;<\/a><\/span><\/p>\n","protected":false},"author":3,"featured_media":393,"comment_status":"closed","ping_status":"closed","sticky":false,"template":"","format":"standard","meta":{"footnotes":""},"categories":[5],"tags":[],"class_list":["post-392","post","type-post","status-publish","format-standard","has-post-thumbnail","hentry","category-noticias"],"_links":{"self":[{"href":"https:\/\/consuladobarcelona.gob.ve\/webalterna\/wp-json\/wp\/v2\/posts\/392","targetHints":{"allow":["GET"]}}],"collection":[{"href":"https:\/\/consuladobarcelona.gob.ve\/webalterna\/wp-json\/wp\/v2\/posts"}],"about":[{"href":"https:\/\/consuladobarcelona.gob.ve\/webalterna\/wp-json\/wp\/v2\/types\/post"}],"author":[{"embeddable":true,"href":"https:\/\/consuladobarcelona.gob.ve\/webalterna\/wp-json\/wp\/v2\/users\/3"}],"replies":[{"embeddable":true,"href":"https:\/\/consuladobarcelona.gob.ve\/webalterna\/wp-json\/wp\/v2\/comments?post=392"}],"version-history":[{"count":2,"href":"https:\/\/consuladobarcelona.gob.ve\/webalterna\/wp-json\/wp\/v2\/posts\/392\/revisions"}],"predecessor-version":[{"id":9735,"href":"https:\/\/consuladobarcelona.gob.ve\/webalterna\/wp-json\/wp\/v2\/posts\/392\/revisions\/9735"}],"wp:featuredmedia":[{"embeddable":true,"href":"https:\/\/consuladobarcelona.gob.ve\/webalterna\/wp-json\/wp\/v2\/media\/393"}],"wp:attachment":[{"href":"https:\/\/consuladobarcelona.gob.ve\/webalterna\/wp-json\/wp\/v2\/media?parent=392"}],"wp:term":[{"taxonomy":"category","embeddable":true,"href":"https:\/\/consuladobarcelona.gob.ve\/webalterna\/wp-json\/wp\/v2\/categories?post=392"},{"taxonomy":"post_tag","embeddable":true,"href":"https:\/\/consuladobarcelona.gob.ve\/webalterna\/wp-json\/wp\/v2\/tags?post=392"}],"curies":[{"name":"wp","href":"https:\/\/api.w.org\/{rel}","templated":true}]}}