{"id":3901,"date":"2020-11-25T10:08:25","date_gmt":"2020-11-25T09:08:25","guid":{"rendered":"http:\/\/consuladobarcelona.gob.ve\/webalterna\/?p=3901"},"modified":"2020-11-25T10:08:36","modified_gmt":"2020-11-25T09:08:36","slug":"comunicado-venezuela-lamenta-el-fallecimiento-del-vicealmirante-julio-cesar-gandarilla-bermejo-ministro-del-interior-de-cuba","status":"publish","type":"post","link":"https:\/\/consuladobarcelona.gob.ve\/webalterna\/comunicado-venezuela-lamenta-el-fallecimiento-del-vicealmirante-julio-cesar-gandarilla-bermejo-ministro-del-interior-de-cuba\/","title":{"rendered":"COMUNICADO | Venezuela lamenta el fallecimiento del vicealmirante Julio C\u00e9sar Gandarilla Bermejo, Ministro del Interior de Cuba"},"content":{"rendered":"<p>El ministro del Poder Popular para Relaciones Exteriores, Jorge Arreaza, manifest\u00f3 este martes que Venezuela extiende sus m\u00e1s sentidas palabras de condolencias al pueblo y al Gobierno de la <strong>Rep\u00fablica de Cuba<\/strong>, con motivo del sensible fallecimiento de <strong>Julio C\u00e9sar Gandarilla Bermejo, ministro del Interior<\/strong> de ese hermano pa\u00eds.<\/p>\n<p>A trav\u00e9s de la red social Twitter @jaarreaza, el Canciller acompa\u00f1\u00f3 su publicaci\u00f3n con un Comunicado, en el que manifiesta que el vicealmirante Julio C\u00e9sar Gandarilla Bermejo desempe\u00f1\u00f3 importantes responsabilidades desde el triunfo de la <strong>Revoluci\u00f3n Cubana<\/strong> en el a\u00f1o 1959, ejerciendo funciones como jefe de la Contrainteligencia Militar, miembro del <strong>Comit\u00e9 Central del partido Comunista de Cuba<\/strong> (PCC) y diputado a la Asamblea Nacional del Poder Popular.<\/p>\n<div class=\"twitter-tweet twitter-tweet-rendered\">En las primeras horas de este martes falleci\u00f3 el vicealmirante Julio Cesar Gandarilla Bermejo, quien se desempe\u00f1aba como Ministro del Interior, a causa de una prolongada enfermedad.<\/div>\n<p>El vicealmirante Gandarilla Bermejo atesor\u00f3 una brillante hoja de servicios, ocupando importantes responsabilidades en las Fuerzas Armadas Revolucionarias y el Ministerio del Interior. En su desempe\u00f1o siempre le distingui\u00f3 una probada fidelidad.<\/p>\n<p>Con total respeto a su voluntad, su cad\u00e1ver ser\u00e1 cremado y, como una muestra m\u00e1s de la modestia y sencillez que lo caracteriz\u00f3, se cumplir\u00e1 su solicitud de no realizar ninguna ceremonia militar ni actividad p\u00fablica, rese\u00f1\u00f3 el portal web Granma de Cuba.<\/p>\n<p>&nbsp;<\/p>\n<p><strong>A continuaci\u00f3n el contenido \u00edntegro del Comunicado:<\/strong><\/p>\n<p><em>El Presidente de la Rep\u00fablica Bolivariana de Venezuela, Nicol\u00e1s Maduro Moros, en nombre del Pueblo y del Gobierno venezolano, extiende sus m\u00e1s sentidas palabras de condolencias al Pueblo y al Gobierno de la Rep\u00fablica de Cuba, con motivo del sensible fallecimiento del compa\u00f1ero Julio C\u00e9sar Gandarilla Bermejo, Ministro del Interior de ese hermano pa\u00eds.<\/em><\/p>\n<p><em>El vicealmirante Julio C\u00e9sar Gandarilla Bermejo desempe\u00f1\u00f3 importantes responsabilidades desde el triunfo de la Revoluci\u00f3n Cubana en el a\u00f1o 1959; ejerciendo funciones como jefe de la Contrainteligencia Militar, miembro del Comit\u00e9 Central del partido Comunista de Cuba (PCC) y diputado a la Asamblea Nacional del Poder Popular.<\/em><\/p>\n<p><em>Las venezolanas y los venezolanos reconocemos en este hijo ilustre de la Patria de Mart\u00ed y de Fidel, un ejemplo inclaudicable de lucha, patriotismo y f\u00e9rrea defensa de la dignidad y la autodeterminaci\u00f3n del hermano Pueblo cubano, a cuya causa sirvi\u00f3 fielmente; al tiempo que nos solidarizamos con los familiares de este alto funcionario, y con el Pueblo y Gobierno de la Rep\u00fablica de Cuba, por su lamentable desaparici\u00f3n f\u00edsica.<\/em><\/p>\n<p><em>\u00a1Honor y Gloria al Vicealmirante Julio C\u00e9sar Gandarilla Bermejo!<\/em><\/p>\n<p style=\"text-align: right;\"><em>Caracas, 24 de noviembre de 2020<\/em><\/p>\n","protected":false},"excerpt":{"rendered":"<p>El ministro del Poder Popular para Relaciones Exteriores, Jorge Arreaza, manifest\u00f3 este martes que Venezuela extiende sus m\u00e1s sentidas palabras de condolencias al pueblo y al Gobierno de la Rep\u00fablica de Cuba, con motivo del sensible fallecimiento de Julio C\u00e9sar Gandarilla Bermejo, ministro del Interior de ese hermano pa\u00eds. A trav\u00e9s de la red social\u2026 <span class=\"read-more\"><a href=\"https:\/\/consuladobarcelona.gob.ve\/webalterna\/comunicado-venezuela-lamenta-el-fallecimiento-del-vicealmirante-julio-cesar-gandarilla-bermejo-ministro-del-interior-de-cuba\/\">Leer m\u00e1s &raquo;<\/a><\/span><\/p>\n","protected":false},"author":3,"featured_media":3902,"comment_status":"closed","ping_status":"closed","sticky":false,"template":"","format":"standard","meta":{"footnotes":""},"categories":[5],"tags":[],"class_list":["post-3901","post","type-post","status-publish","format-standard","has-post-thumbnail","hentry","category-noticias"],"_links":{"self":[{"href":"https:\/\/consuladobarcelona.gob.ve\/webalterna\/wp-json\/wp\/v2\/posts\/3901","targetHints":{"allow":["GET"]}}],"collection":[{"href":"https:\/\/consuladobarcelona.gob.ve\/webalterna\/wp-json\/wp\/v2\/posts"}],"about":[{"href":"https:\/\/consuladobarcelona.gob.ve\/webalterna\/wp-json\/wp\/v2\/types\/post"}],"author":[{"embeddable":true,"href":"https:\/\/consuladobarcelona.gob.ve\/webalterna\/wp-json\/wp\/v2\/users\/3"}],"replies":[{"embeddable":true,"href":"https:\/\/consuladobarcelona.gob.ve\/webalterna\/wp-json\/wp\/v2\/comments?post=3901"}],"version-history":[{"count":2,"href":"https:\/\/consuladobarcelona.gob.ve\/webalterna\/wp-json\/wp\/v2\/posts\/3901\/revisions"}],"predecessor-version":[{"id":3904,"href":"https:\/\/consuladobarcelona.gob.ve\/webalterna\/wp-json\/wp\/v2\/posts\/3901\/revisions\/3904"}],"wp:featuredmedia":[{"embeddable":true,"href":"https:\/\/consuladobarcelona.gob.ve\/webalterna\/wp-json\/wp\/v2\/media\/3902"}],"wp:attachment":[{"href":"https:\/\/consuladobarcelona.gob.ve\/webalterna\/wp-json\/wp\/v2\/media?parent=3901"}],"wp:term":[{"taxonomy":"category","embeddable":true,"href":"https:\/\/consuladobarcelona.gob.ve\/webalterna\/wp-json\/wp\/v2\/categories?post=3901"},{"taxonomy":"post_tag","embeddable":true,"href":"https:\/\/consuladobarcelona.gob.ve\/webalterna\/wp-json\/wp\/v2\/tags?post=3901"}],"curies":[{"name":"wp","href":"https:\/\/api.w.org\/{rel}","templated":true}]}}