{"id":2966,"date":"2020-06-20T18:14:51","date_gmt":"2020-06-20T17:14:51","guid":{"rendered":"http:\/\/consuladobarcelona.gob.ve\/webalterna\/?p=2966"},"modified":"2020-06-20T18:17:10","modified_gmt":"2020-06-20T17:17:10","slug":"coronavirus-arriba-a-venezuela-tercer-cargamento-de-asistencia-tecnica-humanitaria-de-la-onu","status":"publish","type":"post","link":"https:\/\/consuladobarcelona.gob.ve\/webalterna\/coronavirus-arriba-a-venezuela-tercer-cargamento-de-asistencia-tecnica-humanitaria-de-la-onu\/","title":{"rendered":"CORONAVIRUS| Arriba a Venezuela tercer cargamento de Asistencia T\u00e9cnica Humanitaria de la ONU"},"content":{"rendered":"<p>Funcionarios del sistema de las Naciones Unidas en Venezuela, junto a representantes del Ministerio del Poder Popular para Relaciones Exteriores, recibieron este viernes el <strong>tercer vuelo <\/strong>con asistencia t\u00e9cnica humanitaria enviado por la Organizaci\u00f3n de las Naciones Unidas (ONU) en cooperaci\u00f3n con el Gobierno de Suiza, con <strong>suministros m\u00e9dicos y de agua, saneamiento e higiene<\/strong> para dar respuesta a la pandemia del COVID-19.<\/p>\n<p>El vuelo, procedente de Suiza, forma parte del puente a\u00e9reo establecido entre el Gobierno Bolivariano junto a organismos de la ONU para la prevenci\u00f3n y lucha contra la pandemia, y en apoyo a los distintos programas que ejecuta el Ministerio del Poder Popular para la Salud.<\/p>\n<p>La recepci\u00f3n de las 94 toneladas de carga humanitaria estuvo a cargo de <strong>Jorge Arreaza<\/strong>, ministro del Poder Popular para Relaciones Exteriores; Yv\u00e1n Gil, viceministro para Europa; Peter Grohman, coordinador residente del sistema de la ONU en Venezuela; y Didier Chassot, embajador de Suiza en el pa\u00eds.<\/p>\n<p>El canciller Arreaza insisti\u00f3 en que Venezuela, as\u00ed como otros pa\u00edses que son agredidos, necesitan del <strong>multilateralismo<\/strong> y de las Naciones Unidas para dar respuesta a los pueblos en momentos donde los ataques y las sanciones han aumentado.<\/p>\n<p>Agreg\u00f3 que,\u00a0<em>\u201cdurante estos meses de pandemia, el Secretario General de las Naciones Unidas, la Alta Comisionada para los DDHH, los relatores especiales, el Presidente de la Asamblea General, entre otros actores, han solicitado el levantamiento y la flexibilizaci\u00f3n de las sanciones y de los bloqueos contra los pa\u00edses que son agredidos por Estados Unidos (\u2026) Sin embargo, lo que han hecho [EEUU] es agravarlos y multiplicarlos\u201d.<\/em><\/p>\n<p>Destac\u00f3, que en momentos de <strong>bloqueo<\/strong> y ataques es cuando las Naciones Unidas debe dar el ejemplo de seguir asistiendo a los pueblos, y es cuando se debe batallar por el multilateralismo.<\/p>\n<p>Durante el arribo, el representante de la ONU en la naci\u00f3n, Peter Grohman, agradeci\u00f3 a los Gobiernos de Venezuela y Suiza por la facilitaci\u00f3n en la entrega de este nuevo cargamento de asistencia humanitaria.<\/p>\n<p>Precis\u00f3 que son 94 toneladas de asistencia humanitaria que llegaron al pa\u00eds suramericano para dar respuesta a la contingencia generada por el COVID-19, gracias a la colaboraci\u00f3n de la Organizaci\u00f3n Mundial de la Salud (OPS\/OMS), del Fondo de las Naciones Unidas para la Infancia (Unicef), del Fondo de Poblaci\u00f3n de las Naciones Unidas (Unfpa), de la Organizaci\u00f3n Internacional para las Migraciones (OIM), y de otras organizaciones humanitarias.<\/p>\n<blockquote class=\"wp-block-quote\"><p><em>\u201cEste tercer cargamento que llega a Venezuela es gracias a la colaboraci\u00f3n de la comunidad internacional (\u2026) esperemos que esto pueda fortalecer el sistema de salud y pueda dar asistencia a las personas que m\u00e1s lo necesitan, de manera transparente y respondiendo a sus principales necesidades\u201d, apunt\u00f3.<\/em><\/p><\/blockquote>\n<p>Por su parte, el embajador Chassot expres\u00f3 el agrado de la Confederaci\u00f3n Helv\u00e9tica en la organizaci\u00f3n del vuelo junto a Venezuela y las Naciones Unidas.<\/p>\n<blockquote class=\"wp-block-quote\"><p><em>\u201cEsta operaci\u00f3n demuestra el firme compromiso de Suiza, su compromiso humanitario y de buenas pr\u00e1cticas (\u2026) Es importante que todos los actores se movilicen para apoyar estos esfuerzos\u201d, indic\u00f3.<\/em><\/p><\/blockquote>\n<p>En el referido vuelo, llegaron medicamentos e insumos m\u00e9dicos de la Organizaci\u00f3n Mundial de la Salud (OPS\/OMS), del Fondo de las Naciones Unidas para la Infancia (Unicef), del Fondo de Poblaci\u00f3n de las Naciones Unidas (Unfpa), de la Organizaci\u00f3n Internacional para las Migraciones (OIM), y del Comit\u00e9 Internacional de la Cruz Roja (CICR).<\/p>\n","protected":false},"excerpt":{"rendered":"<p>Funcionarios del sistema de las Naciones Unidas en Venezuela, junto a representantes del Ministerio del Poder Popular para Relaciones Exteriores, recibieron este viernes el tercer vuelo con asistencia t\u00e9cnica humanitaria enviado por la Organizaci\u00f3n de las Naciones Unidas (ONU) en cooperaci\u00f3n con el Gobierno de Suiza, con suministros m\u00e9dicos y de agua, saneamiento e higiene\u2026 <span class=\"read-more\"><a href=\"https:\/\/consuladobarcelona.gob.ve\/webalterna\/coronavirus-arriba-a-venezuela-tercer-cargamento-de-asistencia-tecnica-humanitaria-de-la-onu\/\">Leer m\u00e1s &raquo;<\/a><\/span><\/p>\n","protected":false},"author":3,"featured_media":2967,"comment_status":"closed","ping_status":"closed","sticky":false,"template":"","format":"standard","meta":{"footnotes":""},"categories":[5],"tags":[],"class_list":["post-2966","post","type-post","status-publish","format-standard","has-post-thumbnail","hentry","category-noticias"],"_links":{"self":[{"href":"https:\/\/consuladobarcelona.gob.ve\/webalterna\/wp-json\/wp\/v2\/posts\/2966","targetHints":{"allow":["GET"]}}],"collection":[{"href":"https:\/\/consuladobarcelona.gob.ve\/webalterna\/wp-json\/wp\/v2\/posts"}],"about":[{"href":"https:\/\/consuladobarcelona.gob.ve\/webalterna\/wp-json\/wp\/v2\/types\/post"}],"author":[{"embeddable":true,"href":"https:\/\/consuladobarcelona.gob.ve\/webalterna\/wp-json\/wp\/v2\/users\/3"}],"replies":[{"embeddable":true,"href":"https:\/\/consuladobarcelona.gob.ve\/webalterna\/wp-json\/wp\/v2\/comments?post=2966"}],"version-history":[{"count":3,"href":"https:\/\/consuladobarcelona.gob.ve\/webalterna\/wp-json\/wp\/v2\/posts\/2966\/revisions"}],"predecessor-version":[{"id":2970,"href":"https:\/\/consuladobarcelona.gob.ve\/webalterna\/wp-json\/wp\/v2\/posts\/2966\/revisions\/2970"}],"wp:featuredmedia":[{"embeddable":true,"href":"https:\/\/consuladobarcelona.gob.ve\/webalterna\/wp-json\/wp\/v2\/media\/2967"}],"wp:attachment":[{"href":"https:\/\/consuladobarcelona.gob.ve\/webalterna\/wp-json\/wp\/v2\/media?parent=2966"}],"wp:term":[{"taxonomy":"category","embeddable":true,"href":"https:\/\/consuladobarcelona.gob.ve\/webalterna\/wp-json\/wp\/v2\/categories?post=2966"},{"taxonomy":"post_tag","embeddable":true,"href":"https:\/\/consuladobarcelona.gob.ve\/webalterna\/wp-json\/wp\/v2\/tags?post=2966"}],"curies":[{"name":"wp","href":"https:\/\/api.w.org\/{rel}","templated":true}]}}