{"id":2960,"date":"2020-06-20T18:08:40","date_gmt":"2020-06-20T17:08:40","guid":{"rendered":"http:\/\/consuladobarcelona.gob.ve\/webalterna\/?p=2960"},"modified":"2020-06-20T18:13:13","modified_gmt":"2020-06-20T17:13:13","slug":"papa-francisco-aprueba-beatificacion-del-dr-jose-gregorio-hernandez","status":"publish","type":"post","link":"https:\/\/consuladobarcelona.gob.ve\/webalterna\/papa-francisco-aprueba-beatificacion-del-dr-jose-gregorio-hernandez\/","title":{"rendered":"Papa Francisco aprueba beatificaci\u00f3n del Dr. Jos\u00e9 Gregorio Hern\u00e1ndez, el \u00abm\u00e9dico de los pobres\u00bb"},"content":{"rendered":"<p>Este 19 de junio, en una audiencia con el Cardenal Angelo Becciu, el Papa Francisco autoriz\u00f3 el decreto promulgado por la Congregaci\u00f3n para la Causa de los Santos que concede la beatificaci\u00f3n al Dr. Jos\u00e9 Gregorio Hern\u00e1ndez. El \u2018m\u00e9dico de los pobres\u2019 como es conocido en Venezuela, hab\u00eda sido confirmado como el nuevo beato del catolicismo durante una plenaria de cardenales celebrada en la ciudad de Roma; solo se esperaba la respuesta del Papa.<\/p>\n<p>La Comisi\u00f3n Teol\u00f3gica de la Congregaci\u00f3n para las Causas de los Santos aprob\u00f3 por unanimidad -en enero de este a\u00f1o- el milagro de Yaxauri Ortega,\u00a0una ni\u00f1a de 10 a\u00f1os del estado Gu\u00e1rico, en los llanos venezolanos, que hab\u00eda recibido un disparo en la zona temporoparietal derecha de su cabeza y no fue intervenida sino hasta 50 horas despu\u00e9s de la herida, perdiendo masa encef\u00e1lica en el proceso.<\/p>\n<p>Sin embargo, fue dada de alta 20 d\u00edas despu\u00e9s contra todo pron\u00f3stico.<\/p>\n<p>La causa para llevar a Jos\u00e9 Gregorio Hern\u00e1ndez a los altares\u00a0data de 1949.<\/p>\n<p>En una visita que hizo el presidente Nicol\u00e1s Maduro a Roma, hace siete a\u00f1os, el mandatario expres\u00f3 al sumo pont\u00edfice \u00abel clamor del pueblo venezolano: la beatificaci\u00f3n del Santo del Pueblo, el Dr. Jos\u00e9 Gregorio Hern\u00e1ndez\u00bb.<\/p>\n<p>Este jueves, el jefe de Estado\u00a0manifest\u00f3 su j\u00fabilo por el anuncio de beatificaci\u00f3n del \u2018m\u00e9dico de los pobres\u2019.<\/p>\n<p>\u201c\u00a1Que Alegr\u00eda! A 7 a\u00f1os de llevar nuestra petici\u00f3n al Papa Francisco en Roma, los Cardenales de la Santa Sede aprobaron la beatificaci\u00f3n del Santo del Pueblo, el doctor Jos\u00e9 Gregorio Hern\u00e1ndez. \u00a1Las plegarias del pueblo han sido escuchadas! Estamos cerca de este grandioso momento\u201d, manifest\u00f3.<\/p>\n<p>Jos\u00e9 Gregorio Hern\u00e1ndez naci\u00f3 el 26 de octubre de 1864 en el pueblo de Isnot\u00fa, en el estado de Trujillo. Estudi\u00f3 medicina y, sin dedicarse completamente a la vida religiosa, fue un devoto cat\u00f3lico desde temprana edad.<\/p>\n<p>Falleci\u00f3 luego de ser embestido por un coche en Caracas en el a\u00f1o 1919 y, desde entonces, ha sido venerado por numerosos creyentes, principalmente en Latinoam\u00e9rica donde se le atribuyen la cura de\u00a0varias\u00a0enfermedades.<\/p>\n<p>A continuaci\u00f3n el decreto del Vaticano:<\/p>\n<p>http:\/\/press.vatican.va\/content\/salastampa\/it\/bollettino\/pubblico\/2020\/06\/19\/0348\/00799.html<\/p>\n<p>&nbsp;<\/p>\n","protected":false},"excerpt":{"rendered":"<p>Este 19 de junio, en una audiencia con el Cardenal Angelo Becciu, el Papa Francisco autoriz\u00f3 el decreto promulgado por la Congregaci\u00f3n para la Causa de los Santos que concede la beatificaci\u00f3n al Dr. Jos\u00e9 Gregorio Hern\u00e1ndez. El \u2018m\u00e9dico de los pobres\u2019 como es conocido en Venezuela, hab\u00eda sido confirmado como el nuevo beato del\u2026 <span class=\"read-more\"><a href=\"https:\/\/consuladobarcelona.gob.ve\/webalterna\/papa-francisco-aprueba-beatificacion-del-dr-jose-gregorio-hernandez\/\">Leer m\u00e1s &raquo;<\/a><\/span><\/p>\n","protected":false},"author":3,"featured_media":2963,"comment_status":"closed","ping_status":"closed","sticky":false,"template":"","format":"standard","meta":{"footnotes":""},"categories":[5],"tags":[],"class_list":["post-2960","post","type-post","status-publish","format-standard","has-post-thumbnail","hentry","category-noticias"],"_links":{"self":[{"href":"https:\/\/consuladobarcelona.gob.ve\/webalterna\/wp-json\/wp\/v2\/posts\/2960","targetHints":{"allow":["GET"]}}],"collection":[{"href":"https:\/\/consuladobarcelona.gob.ve\/webalterna\/wp-json\/wp\/v2\/posts"}],"about":[{"href":"https:\/\/consuladobarcelona.gob.ve\/webalterna\/wp-json\/wp\/v2\/types\/post"}],"author":[{"embeddable":true,"href":"https:\/\/consuladobarcelona.gob.ve\/webalterna\/wp-json\/wp\/v2\/users\/3"}],"replies":[{"embeddable":true,"href":"https:\/\/consuladobarcelona.gob.ve\/webalterna\/wp-json\/wp\/v2\/comments?post=2960"}],"version-history":[{"count":2,"href":"https:\/\/consuladobarcelona.gob.ve\/webalterna\/wp-json\/wp\/v2\/posts\/2960\/revisions"}],"predecessor-version":[{"id":2965,"href":"https:\/\/consuladobarcelona.gob.ve\/webalterna\/wp-json\/wp\/v2\/posts\/2960\/revisions\/2965"}],"wp:featuredmedia":[{"embeddable":true,"href":"https:\/\/consuladobarcelona.gob.ve\/webalterna\/wp-json\/wp\/v2\/media\/2963"}],"wp:attachment":[{"href":"https:\/\/consuladobarcelona.gob.ve\/webalterna\/wp-json\/wp\/v2\/media?parent=2960"}],"wp:term":[{"taxonomy":"category","embeddable":true,"href":"https:\/\/consuladobarcelona.gob.ve\/webalterna\/wp-json\/wp\/v2\/categories?post=2960"},{"taxonomy":"post_tag","embeddable":true,"href":"https:\/\/consuladobarcelona.gob.ve\/webalterna\/wp-json\/wp\/v2\/tags?post=2960"}],"curies":[{"name":"wp","href":"https:\/\/api.w.org\/{rel}","templated":true}]}}