{"id":2951,"date":"2020-06-18T20:56:11","date_gmt":"2020-06-18T19:56:11","guid":{"rendered":"http:\/\/consuladobarcelona.gob.ve\/webalterna\/?p=2951"},"modified":"2021-01-18T09:48:22","modified_gmt":"2021-01-18T08:48:22","slug":"economia-venezuela-ratifica-llamado-a-mantener-unidad-en-consenso-de-declaracion-de-cooperacion-opep","status":"publish","type":"post","link":"https:\/\/consuladobarcelona.gob.ve\/webalterna\/economia-venezuela-ratifica-llamado-a-mantener-unidad-en-consenso-de-declaracion-de-cooperacion-opep\/","title":{"rendered":"ECONOM\u00cdA | Venezuela ratifica llamado a mantener unidad en consenso de Declaraci\u00f3n de Cooperaci\u00f3n OPEP+"},"content":{"rendered":"<p>El ministro del Poder Popular de Petr\u00f3leo, Tareck El Aissami, ratific\u00f3 este jueves durante la <strong>19\u00b0 Reuni\u00f3n del Comit\u00e9 Ministerial de Monitoreo Conjunto (JMMC) de la OPEP<\/strong>, el llamado a continuar con el esfuerzo y compromiso de todos los pa\u00edses participantes para alcanzar la meta de los ajustes acordados en la Declaraci\u00f3n de Cooperaci\u00f3n OPEP+.<\/p>\n<p>\u201cRatificamos nuestro llamado a mantenernos unidos en los prop\u00f3sitos superiores enmarcados en esta <strong>Declaraci\u00f3n de Cooperaci\u00f3n<\/strong>, recordando parte de la cita del poeta ruso Bulat, que hizo Su Excelencia Barkindo: \u201cUn\u00e1monos queridos amigos. No nos perderemos si estamos juntos\u201d, escribi\u00f3 El Aissami en su cuenta en la red social Twitter @TareckPsuv.<\/p>\n<p>El Aissami asegur\u00f3 que la Declaraci\u00f3n de Cooperaci\u00f3n, es el mecanismo virtuoso para superar las dificultades, restaurar el equilibrio y alcanzar la estabilidad del mercado petrolero y de la econom\u00eda mundial.<\/p>\n<blockquote class=\"wp-block-quote\"><p>\u201cEl impacto del Covid-19 en el mercado energ\u00e9tico y su repercusi\u00f3n en el cumplimiento del ajuste de producci\u00f3n acordado por los pa\u00edses OPEP+, son prioridades del Comit\u00e9, de cara al futuro de la econom\u00eda global y de la industria petrolera mundial\u201d, escribi\u00f3 El Aissami.<\/p><\/blockquote>\n<div class=\"SandboxRoot env-bp-350\" data-twitter-event-id=\"1\">\n<div id=\"twitter-widget-1\" class=\"EmbeddedTweet EmbeddedTweet--cta js-clickToOpenTarget\" lang=\"es\" data-click-to-open-target=\"https:\/\/twitter.com\/TareckPSUV\/status\/1273619612559650817\" data-iframe-title=\"Tweet de Twitter\" data-scribe=\"page:tweet\" data-twitter-event-id=\"3\">\n<div class=\"EmbeddedTweet-tweetContainer\">\n<div class=\"CallToAction-text\" data-scribe=\"element:conversation_text\">Ratific\u00f3 el compromiso para hacer las compensaciones necesarias acordadas en la pasada Reuni\u00f3n Ministerial OPEP+, \u201cen consecuencia, exhortamos a los pa\u00edses a enviar su <strong>plan de compensaci\u00f3n<\/strong> precisando un cronograma con metas. Solo esto garantizar\u00eda la estabilidad de la industria energ\u00e9tica del mundo\u201d.<\/div>\n<\/div>\n<\/div>\n<\/div>\n<p>El Ministro de Petr\u00f3leo de Venezuela explic\u00f3 que este Acuerdo permitir\u00e1 cabalgar y superar la crisis provocada por la pandemia, y consolidar la estabilidad del sistema econ\u00f3mico y financiero del mundo. \u201cVamos en la direcci\u00f3n correcta, no tenemos alternativa y debemos actuar\u201d.<\/p>\n<blockquote class=\"wp-block-quote\"><p>\u201cEste foro no solamente tiene un compromiso con los pa\u00edses que representamos, entendemos la coyuntura hist\u00f3rica que atraviesa el mundo, tenemos una gran responsabilidad frente a la comunidad y, en consecuencia, reitero, debemos actuar de manera decidida\u201d, resalt\u00f3.<\/p><\/blockquote>\n<p>Finalmente, dio la bienvenida al ministro de Petrole\u00f3 de Irak, Ihsan Abdul Jabbar Ismaael y agradeci\u00f3 en nombre de la Rep\u00fablica Bolivariana de Venezuela, del presidente Nicol\u00e1s Maduro, el extraordinario trabajo que viene haciendo su alteza real Abdulaziz bin Salman, presidente de la JMMC; al ministro de Energ\u00eda de la Federaci\u00f3n Rusa, Alexander Valentinovich Novak, copresidente de la JMMC; sus excelencias presidentes de la Conferencia OPEP y nuestro querido hermano, Mohammed Barkindo, secretario General de la OPEP.<\/p>\n","protected":false},"excerpt":{"rendered":"<p>El ministro del Poder Popular de Petr\u00f3leo, Tareck El Aissami, ratific\u00f3 este jueves durante la 19\u00b0 Reuni\u00f3n del Comit\u00e9 Ministerial de Monitoreo Conjunto (JMMC) de la OPEP, el llamado a continuar con el esfuerzo y compromiso de todos los pa\u00edses participantes para alcanzar la meta de los ajustes acordados en la Declaraci\u00f3n de Cooperaci\u00f3n OPEP+.\u2026 <span class=\"read-more\"><a href=\"https:\/\/consuladobarcelona.gob.ve\/webalterna\/economia-venezuela-ratifica-llamado-a-mantener-unidad-en-consenso-de-declaracion-de-cooperacion-opep\/\">Leer m\u00e1s &raquo;<\/a><\/span><\/p>\n","protected":false},"author":3,"featured_media":2953,"comment_status":"closed","ping_status":"closed","sticky":false,"template":"","format":"standard","meta":{"footnotes":""},"categories":[5],"tags":[],"class_list":["post-2951","post","type-post","status-publish","format-standard","has-post-thumbnail","hentry","category-noticias"],"_links":{"self":[{"href":"https:\/\/consuladobarcelona.gob.ve\/webalterna\/wp-json\/wp\/v2\/posts\/2951","targetHints":{"allow":["GET"]}}],"collection":[{"href":"https:\/\/consuladobarcelona.gob.ve\/webalterna\/wp-json\/wp\/v2\/posts"}],"about":[{"href":"https:\/\/consuladobarcelona.gob.ve\/webalterna\/wp-json\/wp\/v2\/types\/post"}],"author":[{"embeddable":true,"href":"https:\/\/consuladobarcelona.gob.ve\/webalterna\/wp-json\/wp\/v2\/users\/3"}],"replies":[{"embeddable":true,"href":"https:\/\/consuladobarcelona.gob.ve\/webalterna\/wp-json\/wp\/v2\/comments?post=2951"}],"version-history":[{"count":3,"href":"https:\/\/consuladobarcelona.gob.ve\/webalterna\/wp-json\/wp\/v2\/posts\/2951\/revisions"}],"predecessor-version":[{"id":2955,"href":"https:\/\/consuladobarcelona.gob.ve\/webalterna\/wp-json\/wp\/v2\/posts\/2951\/revisions\/2955"}],"wp:featuredmedia":[{"embeddable":true,"href":"https:\/\/consuladobarcelona.gob.ve\/webalterna\/wp-json\/wp\/v2\/media\/2953"}],"wp:attachment":[{"href":"https:\/\/consuladobarcelona.gob.ve\/webalterna\/wp-json\/wp\/v2\/media?parent=2951"}],"wp:term":[{"taxonomy":"category","embeddable":true,"href":"https:\/\/consuladobarcelona.gob.ve\/webalterna\/wp-json\/wp\/v2\/categories?post=2951"},{"taxonomy":"post_tag","embeddable":true,"href":"https:\/\/consuladobarcelona.gob.ve\/webalterna\/wp-json\/wp\/v2\/tags?post=2951"}],"curies":[{"name":"wp","href":"https:\/\/api.w.org\/{rel}","templated":true}]}}