{"id":2875,"date":"2020-06-18T09:12:58","date_gmt":"2020-06-18T08:12:58","guid":{"rendered":"http:\/\/consuladobarcelona.gob.ve\/webalterna\/?p=2875"},"modified":"2020-06-18T09:12:58","modified_gmt":"2020-06-18T08:12:58","slug":"venezuela-denuncia-en-la-onu-ginebra-racismo-sistemico-y-naturaleza-fascista-del-gobierno-de-eeuu","status":"publish","type":"post","link":"https:\/\/consuladobarcelona.gob.ve\/webalterna\/venezuela-denuncia-en-la-onu-ginebra-racismo-sistemico-y-naturaleza-fascista-del-gobierno-de-eeuu\/","title":{"rendered":"Venezuela denuncia en la ONU-Ginebra racismo sist\u00e9mico y naturaleza fascista del Gobierno de EEUU"},"content":{"rendered":"<p>Este mi\u00e9rcoles tuvo lugar un debate virtual en el Consejo de Derechos Humanos de la ONU en Ginebra, en torno a las violaciones actuales de derechos humanos sobre personas de descendencia africana y violencia contra protestas pac\u00edficas.<\/p>\n<p>En ese contexto, el representante permanente de la Rep\u00fablica Bolivariana de Venezuela, Jorge Valero, pronunci\u00f3 un discurso condenatorio a esta situaci\u00f3n.<\/p>\n<p>\u201cEl vil asesinato de George Floyd ha desnudado el racismo sistem\u00e1tico y la naturaleza fascista y supremacista del imperialismo de Estados Unidos. El racismo es hijo del esclavismo y del colonialismo. Donald Trump es imperialista, por tanto, racista\u201d, expres\u00f3.<\/p>\n<p>De esta manera tambi\u00e9n fustig\u00f3 que el gobierno estadounidense amenace con aplicar a los millones de manifestantes, la Ley de Insurrecci\u00f3n del 3 de marzo de 1807, la cual ha servido-en el pasado- para masacrar afrodescendientes.<\/p>\n<p>El Embajador reiter\u00f3 que las protestas antiraciales en Estados Unidos tienen un car\u00e1cter multi\u00e9tnico, que se han reproducido en el mundo, \u201clo cual demuestra que las ansias de justicia, libertad e igualdad son patrimonio universal del ser humano\u201d.<\/p>\n<p>Asever\u00f3 tambi\u00e9n que el adversario m\u00e1s agresivo del multilateralismo es precisamente Donald Trump, ya que durante su gesti\u00f3n el pa\u00eds norteamericano abandon\u00f3 el Consejo de Derechos Humanos, retir\u00f3 su apoyo a la Organizaci\u00f3n Mundial de la Salud (OMS), sancion\u00f3 a los magistrados de la Corte Penal Internacional; y ha apoyado los planes de agresi\u00f3n militar for\u00e1nea en contra de la naci\u00f3n caribe\u00f1a.<\/p>\n<p>Por otra parte, el diplom\u00e1tico venezolano expres\u00f3 en nombre del Gobierno Bolivariano su total apoyo al proyecto de resoluci\u00f3n presentado por el Grupo Africano, con ocasi\u00f3n en este debate urgente.<\/p>\n<p>Culmin\u00f3 su discurso citando las palabras del recordado activista y pol\u00edtico sudafricano Nelson Mandela:<\/p>\n<p>\u201cNadie nace odiando a otra persona por el color de su piel, o su origen, o su religi\u00f3n\u201d.<\/p>\n","protected":false},"excerpt":{"rendered":"<p>Este mi\u00e9rcoles tuvo lugar un debate virtual en el Consejo de Derechos Humanos de la ONU en Ginebra, en torno a las violaciones actuales de derechos humanos sobre personas de descendencia africana y violencia contra protestas pac\u00edficas. En ese contexto, el representante permanente de la Rep\u00fablica Bolivariana de Venezuela, Jorge Valero, pronunci\u00f3 un discurso condenatorio\u2026 <span class=\"read-more\"><a href=\"https:\/\/consuladobarcelona.gob.ve\/webalterna\/venezuela-denuncia-en-la-onu-ginebra-racismo-sistemico-y-naturaleza-fascista-del-gobierno-de-eeuu\/\">Leer m\u00e1s &raquo;<\/a><\/span><\/p>\n","protected":false},"author":3,"featured_media":2877,"comment_status":"closed","ping_status":"closed","sticky":false,"template":"","format":"standard","meta":{"footnotes":""},"categories":[5],"tags":[],"class_list":["post-2875","post","type-post","status-publish","format-standard","has-post-thumbnail","hentry","category-noticias"],"_links":{"self":[{"href":"https:\/\/consuladobarcelona.gob.ve\/webalterna\/wp-json\/wp\/v2\/posts\/2875","targetHints":{"allow":["GET"]}}],"collection":[{"href":"https:\/\/consuladobarcelona.gob.ve\/webalterna\/wp-json\/wp\/v2\/posts"}],"about":[{"href":"https:\/\/consuladobarcelona.gob.ve\/webalterna\/wp-json\/wp\/v2\/types\/post"}],"author":[{"embeddable":true,"href":"https:\/\/consuladobarcelona.gob.ve\/webalterna\/wp-json\/wp\/v2\/users\/3"}],"replies":[{"embeddable":true,"href":"https:\/\/consuladobarcelona.gob.ve\/webalterna\/wp-json\/wp\/v2\/comments?post=2875"}],"version-history":[{"count":1,"href":"https:\/\/consuladobarcelona.gob.ve\/webalterna\/wp-json\/wp\/v2\/posts\/2875\/revisions"}],"predecessor-version":[{"id":2878,"href":"https:\/\/consuladobarcelona.gob.ve\/webalterna\/wp-json\/wp\/v2\/posts\/2875\/revisions\/2878"}],"wp:featuredmedia":[{"embeddable":true,"href":"https:\/\/consuladobarcelona.gob.ve\/webalterna\/wp-json\/wp\/v2\/media\/2877"}],"wp:attachment":[{"href":"https:\/\/consuladobarcelona.gob.ve\/webalterna\/wp-json\/wp\/v2\/media?parent=2875"}],"wp:term":[{"taxonomy":"category","embeddable":true,"href":"https:\/\/consuladobarcelona.gob.ve\/webalterna\/wp-json\/wp\/v2\/categories?post=2875"},{"taxonomy":"post_tag","embeddable":true,"href":"https:\/\/consuladobarcelona.gob.ve\/webalterna\/wp-json\/wp\/v2\/tags?post=2875"}],"curies":[{"name":"wp","href":"https:\/\/api.w.org\/{rel}","templated":true}]}}