{"id":2822,"date":"2020-06-16T07:52:32","date_gmt":"2020-06-16T06:52:32","guid":{"rendered":"http:\/\/consuladobarcelona.gob.ve\/webalterna\/?p=2822"},"modified":"2020-06-16T07:52:32","modified_gmt":"2020-06-16T06:52:32","slug":"cne-canciller-arreaza-conversa-con-su-homologa-de-espana-sobre-proceso-de-dialogo-que-conllevo-nombramiento-del-nuevo-cne","status":"publish","type":"post","link":"https:\/\/consuladobarcelona.gob.ve\/webalterna\/cne-canciller-arreaza-conversa-con-su-homologa-de-espana-sobre-proceso-de-dialogo-que-conllevo-nombramiento-del-nuevo-cne\/","title":{"rendered":"CNE | Canciller Arreaza conversa con su hom\u00f3loga de Espa\u00f1a sobre proceso de di\u00e1logo que conllev\u00f3 nombramiento del nuevo CNE"},"content":{"rendered":"<p>El ministro del Poder Popular para Relaciones Exteriores, <strong>Jorge Arreaza<\/strong>, sostuvo una conversaci\u00f3n este lunes con la ministra de Asuntos Exteriores, Uni\u00f3n Europea y Cooperaci\u00f3n de Espa\u00f1a, <strong>Arancha Gonz\u00e1lez<\/strong>, a quien actualiz\u00f3 sobre el proceso de di\u00e1logo con la oposici\u00f3n impl\u00edcito en la designaci\u00f3n de las nuevas autoridades del Poder Electoral en Venezuela.<\/p>\n<p>\u201cSostuve una valiosa conversaci\u00f3n con la canciller de Espa\u00f1a Arancha Gonz\u00e1lez Laya. La actualic\u00e9 sobre todo el proceso de di\u00e1logos y b\u00fasqueda de consenso que conllev\u00f3 al <strong>nombramiento del nuevo CNE<\/strong>. Le ratifiqu\u00e9 que esperamos respeto y cooperaci\u00f3n de Espa\u00f1a en el di\u00e1logo en Venezuela\u201d, comunic\u00f3 el Canciller a trav\u00e9s de su cuenta en Twitter @jaarreaza.<\/p>\n<p>El pasado viernes 12 de junio, el Tribunal Supremo de Justicia (TSJ) por medio de la Sala Constitucional y previo a declararse la omisi\u00f3n inconstitucional de la Asamblea Nacional (AN) en desacato, design\u00f3 a los nuevos rectores y rectoras del Consejo Nacional Electoral (CNE).\u00a0Sobre esta decisi\u00f3n del Poder Judicial, el presidente Nicol\u00e1s Maduro destac\u00f3 que \u201cfue <strong>resultado de los di\u00e1logos pol\u00edticos<\/strong>, de los di\u00e1logos de paz que se han desarrollado en la Mesa Nacional de Di\u00e1logo\u201d.<\/p>\n<p>Recientemente, la Canciller espa\u00f1ola salud\u00f3 \u201cel acuerdo para la gesti\u00f3n de la ayuda humanitaria para luchar contra el COVID-19\u201d, establecido entre el Ministerio del Poder Popular para la Salud de Venezuela, asesores de un sector de la oposici\u00f3n y la Organizaci\u00f3n Panamericana de la Salud (OPS) para unificar esfuerzos en la respuesta ante el COVID-19 en la naci\u00f3n suramericana.<\/p>\n<p>La nueva directiva del Consejo Nacional Electoral, designada el pasado viernes por la Sala Constitucional del <strong>Tribunal Supremo de Justicia<\/strong> (TSJ), se instal\u00f3 oficialmente este lunes con la primera reuni\u00f3n de los cinco rectores. La reuni\u00f3n estuvo liderada por la <strong>nueva presidenta del organismo, Indira Maira Alfonzo Izaguirre<\/strong>, quien reemplaz\u00f3 en ese cargo a Tibisay Lucena, que estuvo al frente del organismo desde 2006. Alfonzo estuvo acompa\u00f1ada de Rafael Sim\u00f3n Jim\u00e9nez Melean, el nuevo vicepresidente del CNE; as\u00ed como de los rectores Tania D&#8217;Amelio Cardiet, Gladys Mar\u00eda Guti\u00e9rrez Alvarado y Jos\u00e9 Luis Guti\u00e9rrez Parra.<\/p>\n<p>Alfonzo es abogada\u00a0y\u00a0fue hasta el pasado viernes\u00a0magistrada y primera vicepresidenta del TSJ. Desde 2014 ocup\u00f3 la presidencia de la Sala Electoral. Entre 2005 y 2006, se desempe\u00f1\u00f3 como Directora de Ejecutiva (encargada) de la Rector\u00eda Principal del CNE.<\/p>\n<p>El TSJ hizo la designaci\u00f3n de los nuevos rectores, tras declararse la <strong>omisi\u00f3n inconstitucional del Parlamento\u00a0<\/strong>en\u00a0desacato\u00a0para la designaci\u00f3n de los integrantes del\u00a0ente.<\/p>\n<p>&nbsp;<\/p>\n","protected":false},"excerpt":{"rendered":"<p>El ministro del Poder Popular para Relaciones Exteriores, Jorge Arreaza, sostuvo una conversaci\u00f3n este lunes con la ministra de Asuntos Exteriores, Uni\u00f3n Europea y Cooperaci\u00f3n de Espa\u00f1a, Arancha Gonz\u00e1lez, a quien actualiz\u00f3 sobre el proceso de di\u00e1logo con la oposici\u00f3n impl\u00edcito en la designaci\u00f3n de las nuevas autoridades del Poder Electoral en Venezuela. \u201cSostuve una\u2026 <span class=\"read-more\"><a href=\"https:\/\/consuladobarcelona.gob.ve\/webalterna\/cne-canciller-arreaza-conversa-con-su-homologa-de-espana-sobre-proceso-de-dialogo-que-conllevo-nombramiento-del-nuevo-cne\/\">Leer m\u00e1s &raquo;<\/a><\/span><\/p>\n","protected":false},"author":3,"featured_media":2823,"comment_status":"closed","ping_status":"closed","sticky":false,"template":"","format":"standard","meta":{"footnotes":""},"categories":[5],"tags":[],"class_list":["post-2822","post","type-post","status-publish","format-standard","has-post-thumbnail","hentry","category-noticias"],"_links":{"self":[{"href":"https:\/\/consuladobarcelona.gob.ve\/webalterna\/wp-json\/wp\/v2\/posts\/2822","targetHints":{"allow":["GET"]}}],"collection":[{"href":"https:\/\/consuladobarcelona.gob.ve\/webalterna\/wp-json\/wp\/v2\/posts"}],"about":[{"href":"https:\/\/consuladobarcelona.gob.ve\/webalterna\/wp-json\/wp\/v2\/types\/post"}],"author":[{"embeddable":true,"href":"https:\/\/consuladobarcelona.gob.ve\/webalterna\/wp-json\/wp\/v2\/users\/3"}],"replies":[{"embeddable":true,"href":"https:\/\/consuladobarcelona.gob.ve\/webalterna\/wp-json\/wp\/v2\/comments?post=2822"}],"version-history":[{"count":1,"href":"https:\/\/consuladobarcelona.gob.ve\/webalterna\/wp-json\/wp\/v2\/posts\/2822\/revisions"}],"predecessor-version":[{"id":2824,"href":"https:\/\/consuladobarcelona.gob.ve\/webalterna\/wp-json\/wp\/v2\/posts\/2822\/revisions\/2824"}],"wp:featuredmedia":[{"embeddable":true,"href":"https:\/\/consuladobarcelona.gob.ve\/webalterna\/wp-json\/wp\/v2\/media\/2823"}],"wp:attachment":[{"href":"https:\/\/consuladobarcelona.gob.ve\/webalterna\/wp-json\/wp\/v2\/media?parent=2822"}],"wp:term":[{"taxonomy":"category","embeddable":true,"href":"https:\/\/consuladobarcelona.gob.ve\/webalterna\/wp-json\/wp\/v2\/categories?post=2822"},{"taxonomy":"post_tag","embeddable":true,"href":"https:\/\/consuladobarcelona.gob.ve\/webalterna\/wp-json\/wp\/v2\/tags?post=2822"}],"curies":[{"name":"wp","href":"https:\/\/api.w.org\/{rel}","templated":true}]}}