{"id":2819,"date":"2020-06-16T07:45:32","date_gmt":"2020-06-16T06:45:32","guid":{"rendered":"http:\/\/consuladobarcelona.gob.ve\/webalterna\/?p=2819"},"modified":"2020-06-16T07:45:32","modified_gmt":"2020-06-16T06:45:32","slug":"fake-news-venezuela-tomara-acciones-judiciales-contra-diario-abc-de-espana-por-difamacion","status":"publish","type":"post","link":"https:\/\/consuladobarcelona.gob.ve\/webalterna\/fake-news-venezuela-tomara-acciones-judiciales-contra-diario-abc-de-espana-por-difamacion\/","title":{"rendered":"FAKE NEWS | Venezuela tomar\u00e1 acciones judiciales contra diario ABC de Espa\u00f1a por difamaci\u00f3n"},"content":{"rendered":"<p>El canciller venezolano, Jorge Arreaza, calific\u00f3 de \u00abmentiras, infamias y falsedades\u00bb y asever\u00f3 que su pa\u00eds tomar\u00e1 <strong>acciones judiciales<\/strong> tras la publicaci\u00f3n\u00a0del diario derechista espa\u00f1ol <strong>ABC<\/strong> donde se afirma que Nicol\u00e1s Maduro habr\u00eda financiado en 2010 al italiano <strong>Movimiento Cinco Estrellas<\/strong>, principal partido de Gobierno en la actualidad.<\/p>\n<p>\u00abLa mitoman\u00eda de los medios de la derecha mundial contra Venezuela es de antolog\u00eda antiperiod\u00edstica\u00bb, escribi\u00f3 el ministro de Relaciones Exteriores venezolano en su cuenta de Twitter.<\/p>\n<p>Seg\u00fan el ABC, mientras Maduro se desempe\u00f1aba como canciller del Gobierno del fallecido presidente Hugo Ch\u00e1vez habr\u00eda autorizado el\u00a0env\u00edo de una maleta con <strong>3,5 millones de euros<\/strong>\u00a0para financiar al movimiento antiestablisment que hab\u00eda surgido un a\u00f1o antes y que ahora lidera\u00a0un tercio del Parlamento italiano.<\/p>\n<p>Arreaza califica estas informaciones como \u00abviejos <strong>fake news<\/strong> con desvergonzado sensacionalismo\u00bb y asevera que su Gobierno tomar\u00e1 acciones judiciales por este y otros casos.<\/p>\n<p>Esta no es la primera vez que las informaciones publicadas por el diario derechista\u00a0son rechazadas por Caracas. Durante la enfermedad de Ch\u00e1vez, Maduro critic\u00f3 al ABC por \u00abmentir\u00bb sobre su estado de salud y m\u00e1s recientemente, el jefe del Gobierno espa\u00f1ol, Pedro S\u00e1nchez, asegur\u00f3 que era \u00ababsolutamente falsa\u00bb la supuesta conversaci\u00f3n telef\u00f3nica que habr\u00eda sostenido con la vicepresidenta venezolana, Delcy Rodr\u00edguez, que el rotativo present\u00f3 como cierta.<\/p>\n","protected":false},"excerpt":{"rendered":"<p>El canciller venezolano, Jorge Arreaza, calific\u00f3 de \u00abmentiras, infamias y falsedades\u00bb y asever\u00f3 que su pa\u00eds tomar\u00e1 acciones judiciales tras la publicaci\u00f3n\u00a0del diario derechista espa\u00f1ol ABC donde se afirma que Nicol\u00e1s Maduro habr\u00eda financiado en 2010 al italiano Movimiento Cinco Estrellas, principal partido de Gobierno en la actualidad. \u00abLa mitoman\u00eda de los medios de la\u2026 <span class=\"read-more\"><a href=\"https:\/\/consuladobarcelona.gob.ve\/webalterna\/fake-news-venezuela-tomara-acciones-judiciales-contra-diario-abc-de-espana-por-difamacion\/\">Leer m\u00e1s &raquo;<\/a><\/span><\/p>\n","protected":false},"author":3,"featured_media":2820,"comment_status":"closed","ping_status":"closed","sticky":false,"template":"","format":"standard","meta":{"footnotes":""},"categories":[5],"tags":[],"class_list":["post-2819","post","type-post","status-publish","format-standard","has-post-thumbnail","hentry","category-noticias"],"_links":{"self":[{"href":"https:\/\/consuladobarcelona.gob.ve\/webalterna\/wp-json\/wp\/v2\/posts\/2819","targetHints":{"allow":["GET"]}}],"collection":[{"href":"https:\/\/consuladobarcelona.gob.ve\/webalterna\/wp-json\/wp\/v2\/posts"}],"about":[{"href":"https:\/\/consuladobarcelona.gob.ve\/webalterna\/wp-json\/wp\/v2\/types\/post"}],"author":[{"embeddable":true,"href":"https:\/\/consuladobarcelona.gob.ve\/webalterna\/wp-json\/wp\/v2\/users\/3"}],"replies":[{"embeddable":true,"href":"https:\/\/consuladobarcelona.gob.ve\/webalterna\/wp-json\/wp\/v2\/comments?post=2819"}],"version-history":[{"count":1,"href":"https:\/\/consuladobarcelona.gob.ve\/webalterna\/wp-json\/wp\/v2\/posts\/2819\/revisions"}],"predecessor-version":[{"id":2821,"href":"https:\/\/consuladobarcelona.gob.ve\/webalterna\/wp-json\/wp\/v2\/posts\/2819\/revisions\/2821"}],"wp:featuredmedia":[{"embeddable":true,"href":"https:\/\/consuladobarcelona.gob.ve\/webalterna\/wp-json\/wp\/v2\/media\/2820"}],"wp:attachment":[{"href":"https:\/\/consuladobarcelona.gob.ve\/webalterna\/wp-json\/wp\/v2\/media?parent=2819"}],"wp:term":[{"taxonomy":"category","embeddable":true,"href":"https:\/\/consuladobarcelona.gob.ve\/webalterna\/wp-json\/wp\/v2\/categories?post=2819"},{"taxonomy":"post_tag","embeddable":true,"href":"https:\/\/consuladobarcelona.gob.ve\/webalterna\/wp-json\/wp\/v2\/tags?post=2819"}],"curies":[{"name":"wp","href":"https:\/\/api.w.org\/{rel}","templated":true}]}}