{"id":2803,"date":"2020-06-14T13:42:45","date_gmt":"2020-06-14T12:42:45","guid":{"rendered":"http:\/\/consuladobarcelona.gob.ve\/webalterna\/?p=2803"},"modified":"2020-06-14T14:20:34","modified_gmt":"2020-06-14T13:20:34","slug":"vicepresidente-rodriguez-informa-sobre-proceso-de-dialogo-y-designacion-del-cne-al-cuerpo-diplomatico","status":"publish","type":"post","link":"https:\/\/consuladobarcelona.gob.ve\/webalterna\/vicepresidente-rodriguez-informa-sobre-proceso-de-dialogo-y-designacion-del-cne-al-cuerpo-diplomatico\/","title":{"rendered":"Vicepresidente Rodr\u00edguez informa sobre proceso de di\u00e1logo y designaci\u00f3n del CNE al cuerpo diplom\u00e1tico"},"content":{"rendered":"<p>Este s\u00e1bado en una reuni\u00f3n telem\u00e1tica, el vicepresidente de Comunicaci\u00f3n Cultura y Turismo, Jorge Rodr\u00edguez, inform\u00f3 al cuerpo diplom\u00e1tico acreditado en la Rep\u00fablica Bolivariana de Venezuela, sobre el reciente nombramiento de los nuevos rectores principales y suplentes del Consejo Nacional Electoral (CNE).<\/p>\n<p>Esto luego de declararse la omisi\u00f3n inconstitucional de la Asamblea Nacional en desacato en la designaci\u00f3n de los integrantes del m\u00e1ximo ente comicial.<\/p>\n<p>Participaron todos los embajadores acreditados en la naci\u00f3n caribe\u00f1a, incluyendo la Uni\u00f3n Europea; adicionalmente estuvieron de manera presencial Sud\u00e1frica, China M\u00e9xico, Rusia y Cuba.<\/p>\n<p>\u201cLa sentencia que el d\u00eda de ayer por la v\u00eda de la sala constitucional del Tribunal Supremo de Justicia fue dictada, es nada novedosa porque en cuatro oportunidades anteriores el Tribunal Supremo de Justicia en su sala constitucional dict\u00f3 que la Asamblea Nacional no pod\u00eda cumplir con un requisito establecido para seleccionar a los rectores\u201d, expres\u00f3.<\/p>\n<p>Asimismo, resalt\u00f3 el esfuerzo que ha hecho el Gobierno Bolivariano para promover el di\u00e1logo, la negociaci\u00f3n y el acuerdo entre las fuerzas pol\u00edticas de la vida venezolana a los efectos de dirimir cualquier tipo de controversia por v\u00edas pac\u00edficas, democr\u00e1ticas, constitucionales y electorales.<\/p>\n<p>\u201cResulta acto dif\u00edcil negar la realidad, negar que el presidente Nicol\u00e1s Maduro en m\u00e1s de 600 ocasiones ha convocado a procesos de di\u00e1logo con la oposici\u00f3n, o mejor dicho con las oposiciones venezolanas\u201d.<\/p>\n<p>Recalc\u00f3 que existe una profunda divisi\u00f3n en el seno de la dirigencia opositora que obliga a buscar conversaciones y di\u00e1logos que necesariamente se realizan de manera separada.<\/p>\n<p>\u201cEl segundo elemento de obst\u00e1culo es que uno o al menos uno de los factores que hacen vida en la dirigencia opositora persiste en la intenci\u00f3n de recurrir a la violencia\u201d, destac\u00f3.<\/p>\n<p>En este sentido, manifest\u00f3 que estos sectores que promueven la violencia, son los mismos que est\u00e1n vinculados al narcotr\u00e1fico colombiano, promueven el asesinato del presidente de la Rep\u00fablica Nicol\u00e1s Maduro, as\u00ed como de dirigentes pol\u00edticos, autorizan una incursi\u00f3n armada por v\u00edas mar\u00edtimas contra la Rep\u00fablica Bolivariana de Venezuela y, adem\u00e1s, mantienen en permanente chantaje a otros sectores de la oposici\u00f3n que si quieren entablar una conversaci\u00f3n.<\/p>\n<p>Por otra parte el ministro del Poder Popular para Relaciones Exteriores, Jorge Arreaza, reiter\u00f3 que ante la situaci\u00f3n de bloqueo arbitrario unilateral que aplica el gobierno de Estados Unidos y otros gobiernos que intervienen en la estrategia desestabilizadora, es necesaria la unidad nacional, de igual manera reafirm\u00f3 que el presidente Nicol\u00e1s Maduro, tras asumir la presidencia, ha sido el l\u00edder principal en el llamado al di\u00e1logo entre los sectores pol\u00edticos del pa\u00eds.<\/p>\n<p>\u201cLargo camino que no has tra\u00eddo hasta que el d\u00eda de ayer las instituciones venezolanas resolvieron el nombramiento de los rectores del CNE con miras al cumplimiento fiel de esta constituci\u00f3n que obliga la realizaci\u00f3n de las elecciones parlamentarias este a\u00f1o\u201d, complement\u00f3.<\/p>\n","protected":false},"excerpt":{"rendered":"<p>Este s\u00e1bado en una reuni\u00f3n telem\u00e1tica, el vicepresidente de Comunicaci\u00f3n Cultura y Turismo, Jorge Rodr\u00edguez, inform\u00f3 al cuerpo diplom\u00e1tico acreditado en la Rep\u00fablica Bolivariana de Venezuela, sobre el reciente nombramiento de los nuevos rectores principales y suplentes del Consejo Nacional Electoral (CNE). Esto luego de declararse la omisi\u00f3n inconstitucional de la Asamblea Nacional en desacato\u2026 <span class=\"read-more\"><a href=\"https:\/\/consuladobarcelona.gob.ve\/webalterna\/vicepresidente-rodriguez-informa-sobre-proceso-de-dialogo-y-designacion-del-cne-al-cuerpo-diplomatico\/\">Leer m\u00e1s &raquo;<\/a><\/span><\/p>\n","protected":false},"author":3,"featured_media":2804,"comment_status":"closed","ping_status":"closed","sticky":false,"template":"","format":"standard","meta":{"footnotes":""},"categories":[5],"tags":[],"class_list":["post-2803","post","type-post","status-publish","format-standard","has-post-thumbnail","hentry","category-noticias"],"_links":{"self":[{"href":"https:\/\/consuladobarcelona.gob.ve\/webalterna\/wp-json\/wp\/v2\/posts\/2803","targetHints":{"allow":["GET"]}}],"collection":[{"href":"https:\/\/consuladobarcelona.gob.ve\/webalterna\/wp-json\/wp\/v2\/posts"}],"about":[{"href":"https:\/\/consuladobarcelona.gob.ve\/webalterna\/wp-json\/wp\/v2\/types\/post"}],"author":[{"embeddable":true,"href":"https:\/\/consuladobarcelona.gob.ve\/webalterna\/wp-json\/wp\/v2\/users\/3"}],"replies":[{"embeddable":true,"href":"https:\/\/consuladobarcelona.gob.ve\/webalterna\/wp-json\/wp\/v2\/comments?post=2803"}],"version-history":[{"count":1,"href":"https:\/\/consuladobarcelona.gob.ve\/webalterna\/wp-json\/wp\/v2\/posts\/2803\/revisions"}],"predecessor-version":[{"id":2805,"href":"https:\/\/consuladobarcelona.gob.ve\/webalterna\/wp-json\/wp\/v2\/posts\/2803\/revisions\/2805"}],"wp:featuredmedia":[{"embeddable":true,"href":"https:\/\/consuladobarcelona.gob.ve\/webalterna\/wp-json\/wp\/v2\/media\/2804"}],"wp:attachment":[{"href":"https:\/\/consuladobarcelona.gob.ve\/webalterna\/wp-json\/wp\/v2\/media?parent=2803"}],"wp:term":[{"taxonomy":"category","embeddable":true,"href":"https:\/\/consuladobarcelona.gob.ve\/webalterna\/wp-json\/wp\/v2\/categories?post=2803"},{"taxonomy":"post_tag","embeddable":true,"href":"https:\/\/consuladobarcelona.gob.ve\/webalterna\/wp-json\/wp\/v2\/tags?post=2803"}],"curies":[{"name":"wp","href":"https:\/\/api.w.org\/{rel}","templated":true}]}}