{"id":2761,"date":"2020-06-04T09:05:09","date_gmt":"2020-06-04T08:05:09","guid":{"rendered":"http:\/\/consuladobarcelona.gob.ve\/webalterna\/?p=2761"},"modified":"2020-06-04T09:05:24","modified_gmt":"2020-06-04T08:05:24","slug":"presidente-maduro-denuncia-reagrupacion-de-mercenarios-en-territorio-colombiano-para-agredir-a-venezuela","status":"publish","type":"post","link":"https:\/\/consuladobarcelona.gob.ve\/webalterna\/presidente-maduro-denuncia-reagrupacion-de-mercenarios-en-territorio-colombiano-para-agredir-a-venezuela\/","title":{"rendered":"Presidente Maduro denuncia reagrupaci\u00f3n de mercenarios en territorio colombiano para agredir a Venezuela"},"content":{"rendered":"<p>El presidente de la Rep\u00fablica Bolivariana de Venezuela, Nicol\u00e1s Maduro Moros, denunci\u00f3 este mi\u00e9rcoles que grupos mercenarios y paramilitares se han reagrupado en campamentos asentados en territorio colombiano, a fin de preparar nuevas incursiones contra Venezuela.<\/p>\n<p>\u201cNo bajemos la guardia, tengo informaciones comprobadas, de que Iv\u00e1n Duque, presidente de Colombia, personalmente supervisa, a trav\u00e9s de jefes militares, campamentos en Medell\u00edn, en Antioquia, en el Norte de Santander, de grupos de mercenarios\u201d, expres\u00f3.<\/p>\n<p>El Jefe de Estado y de Gobierno venezolano revel\u00f3 que el presidente neogranadino \u201cpor orgullo oligarca, por orgullo verraco, Duque ha dicho que el plan de incursi\u00f3n mar\u00edtima (en contra de Venezuela) debe mantenerse como una de las opciones\u201d.<\/p>\n<p>En ese sentido, exhort\u00f3 al pueblo de Venezuela, a la Fuerza Armada Nacional Bolivariana (FANB) y cuerpos policiales del pa\u00eds a mantener la guardia en alto y a prepararse para mantener una Venezuela inexpugnable.<\/p>\n<p>\u201cVigilemos el mar, vigilemos el territorio, vigilemos el espacio a\u00e9reo, vigilemos la Patria, para que ninguno de estos grupos mercenarios que se entrenan en Colombia bajo el amparo, apoyo y financiamiento del presidente de Colombia pueda hacerle da\u00f1o a ninguna instituci\u00f3n, a ning\u00fan venezolano, a ninguna venezolana\u201d.<\/p>\n<p>Las palabras las ofreci\u00f3 el Mandatario durante un acto de condecoraci\u00f3n de los efectivos desplegados en la Operaci\u00f3n Negro Primero que fue activada para la b\u00fasqueda y captura del grupo de mercenarios que protagonizaron la incursi\u00f3n en las costas venezolanas el pasado 3 de mayo.<\/p>\n","protected":false},"excerpt":{"rendered":"<p>El presidente de la Rep\u00fablica Bolivariana de Venezuela, Nicol\u00e1s Maduro Moros, denunci\u00f3 este mi\u00e9rcoles que grupos mercenarios y paramilitares se han reagrupado en campamentos asentados en territorio colombiano, a fin de preparar nuevas incursiones contra Venezuela. \u201cNo bajemos la guardia, tengo informaciones comprobadas, de que Iv\u00e1n Duque, presidente de Colombia, personalmente supervisa, a trav\u00e9s de\u2026 <span class=\"read-more\"><a href=\"https:\/\/consuladobarcelona.gob.ve\/webalterna\/presidente-maduro-denuncia-reagrupacion-de-mercenarios-en-territorio-colombiano-para-agredir-a-venezuela\/\">Leer m\u00e1s &raquo;<\/a><\/span><\/p>\n","protected":false},"author":3,"featured_media":2762,"comment_status":"closed","ping_status":"closed","sticky":false,"template":"","format":"standard","meta":{"footnotes":""},"categories":[5],"tags":[],"class_list":["post-2761","post","type-post","status-publish","format-standard","has-post-thumbnail","hentry","category-noticias"],"_links":{"self":[{"href":"https:\/\/consuladobarcelona.gob.ve\/webalterna\/wp-json\/wp\/v2\/posts\/2761","targetHints":{"allow":["GET"]}}],"collection":[{"href":"https:\/\/consuladobarcelona.gob.ve\/webalterna\/wp-json\/wp\/v2\/posts"}],"about":[{"href":"https:\/\/consuladobarcelona.gob.ve\/webalterna\/wp-json\/wp\/v2\/types\/post"}],"author":[{"embeddable":true,"href":"https:\/\/consuladobarcelona.gob.ve\/webalterna\/wp-json\/wp\/v2\/users\/3"}],"replies":[{"embeddable":true,"href":"https:\/\/consuladobarcelona.gob.ve\/webalterna\/wp-json\/wp\/v2\/comments?post=2761"}],"version-history":[{"count":1,"href":"https:\/\/consuladobarcelona.gob.ve\/webalterna\/wp-json\/wp\/v2\/posts\/2761\/revisions"}],"predecessor-version":[{"id":2763,"href":"https:\/\/consuladobarcelona.gob.ve\/webalterna\/wp-json\/wp\/v2\/posts\/2761\/revisions\/2763"}],"wp:featuredmedia":[{"embeddable":true,"href":"https:\/\/consuladobarcelona.gob.ve\/webalterna\/wp-json\/wp\/v2\/media\/2762"}],"wp:attachment":[{"href":"https:\/\/consuladobarcelona.gob.ve\/webalterna\/wp-json\/wp\/v2\/media?parent=2761"}],"wp:term":[{"taxonomy":"category","embeddable":true,"href":"https:\/\/consuladobarcelona.gob.ve\/webalterna\/wp-json\/wp\/v2\/categories?post=2761"},{"taxonomy":"post_tag","embeddable":true,"href":"https:\/\/consuladobarcelona.gob.ve\/webalterna\/wp-json\/wp\/v2\/tags?post=2761"}],"curies":[{"name":"wp","href":"https:\/\/api.w.org\/{rel}","templated":true}]}}